{"id":165545,"date":"2021-05-28T17:26:28","date_gmt":"2021-05-28T22:26:28","guid":{"rendered":"https:\/\/plazajuarez.mx\/?p=165545"},"modified":"2021-05-28T17:26:42","modified_gmt":"2021-05-28T22:26:42","slug":"gratuidad-productos-menstruales","status":"publish","type":"post","link":"https:\/\/plazajuarez.mx\/historico\/gratuidad-productos-menstruales\/","title":{"rendered":"Mexicanas piden gratuidad en productos menstruales"},"content":{"rendered":"\n<p class=\"wp-block-paragraph\">Con una compresa gigante decorada como si estuviese manchada de sangre, un grupo de mujeres protest\u00f3 este viernes en Ciudad de M\u00e9xico pidiendo gratuidad en los productos menstruales y mejora en la educaci\u00f3n sobre el periodo y sus implicaciones, en el D\u00eda de la Higiene Menstrual.<\/p>\n\n\n\n<p class=\"wp-block-paragraph\">La organizaci\u00f3n Menstruaci\u00f3n Digna M\u00e9xico se concentr\u00f3 frente al Palacio Nacional, donde extendieron la compresa de tela con el mensaje &#8220;la gesti\u00f3n menstrual es un derecho&#8221; que luego llevaron caminando hasta el Senado, donde consiguieron una cita para que pr\u00f3ximamente las reciba la Comisi\u00f3n de Educaci\u00f3n.<\/p>\n\n\n\n<p class=\"wp-block-paragraph\">En esa c\u00e1mara es donde se encuentra parada la Ley de Menstruaci\u00f3n Digna que busca la gratuidad que fue aprobada hace unas semanas por la C\u00e1mara de Diputados.<\/p>\n\n\n\n<p class=\"wp-block-paragraph\">&#8220;Venimos a pedirles que voten a favor para que las ni\u00f1as de M\u00e9xico dejen de faltar a clase por la menstruaci\u00f3n porque ahora cuatro de cada diez, cuando est\u00e1n menstruando, prefieren no estar en la escuela&#8221;, dijo a Efe Anah\u00ed Rodr\u00edguez, directora de la organizaci\u00f3n.<\/p>\n\n\n\n<p class=\"wp-block-paragraph\">UNA LEY PARA LA IGUALDAD<\/p>\n\n\n\n<p class=\"wp-block-paragraph\">La ley implica que las ni\u00f1as y mujeres j\u00f3venes en edad escolar -hasta los 18 a\u00f1os- tengan acceso gratuito a tampones, compresas y copas menstruales.<\/p>\n\n\n\n<p class=\"wp-block-paragraph\">Rodr\u00edguez consider\u00f3 que muchas de las ni\u00f1as que no acuden a clases lo hacen, o bien porque tienen escasos recursos que no les permiten adquirir estos productos, o porque todav\u00eda es un tema tab\u00fa.<\/p>\n\n\n\n<p class=\"wp-block-paragraph\">Esta ley fue aprobada en Michoac\u00e1n en marzo pasado, con lo que en este estado las ni\u00f1as tendr\u00e1n acceso gratuito y se fomentar\u00e1 la educaci\u00f3n entorno al periodo.<\/p>\n\n\n\n<p class=\"wp-block-paragraph\">En este sentido, Rodr\u00edguez asegur\u00f3 que Michoac\u00e1n es un ejemplo y que tanto all\u00ed como cuando se apruebe la ley en el resto del pa\u00eds, hay que asegurarse de que tambi\u00e9n se fomenta la parte educativa.<\/p>\n\n\n\n<p class=\"wp-block-paragraph\">&#8220;Actualmente solo hay seis p\u00e1rrafos sobre menstruaci\u00f3n en los libros de texto gratuitos y dicen cosas como que es un deshecho o lo comparan con la eyaculaci\u00f3n masculina&#8221;, a\u00f1adi\u00f3.<\/p>\n\n\n\n<p class=\"wp-block-paragraph\">Recordaron que los productos de higiene menstrual est\u00e1n gravados con un 16 % de IVA, algo que consideraron anticonstitucional, por lo que interpusieron recientemente un recurso ante la Suprema Corte de Justicia.<\/p>\n\n\n\n<p class=\"wp-block-paragraph\">&#8220;El a\u00f1o pasado metimos una iniciativa para eliminar el IVA pero no pas\u00f3 ni en diputados ni en el Senado. Entonces ahora la C\u00e1mara de Diputados presenta una acci\u00f3n de insconstitucionalidad y va en el sentido de que la Ley de Ingresos y Ley del IVA son inconstitucionales por grabar los productos de gesti\u00f3n menstrual&#8221;, dijo a Efe Paulina Casta\u00f1o, investigadora de la organizaci\u00f3n Fundar.<\/p>\n\n\n\n<p class=\"wp-block-paragraph\">Dijo que no es constitucional que haya un impuesto que afecte solo a las mujeres y personas menstruantes que adem\u00e1s es regresivo y afecta a las personas que menos tienen. Entre los \u00faltimos d\u00edas de este mes y junio est\u00e1 previsto que se resuelva.<\/p>\n\n\n\n<p class=\"wp-block-paragraph\">Para Menstruaci\u00f3n Digna M\u00e9xico, m\u00e1s all\u00e1 de las reformas, leyes y dem\u00e1s, lo importante es que poco a poco la sociedad mexicana deje de tener prejuicios y malas ideas sobre la menstruaci\u00f3n, para que se pueda comprender que es algo natural y que no es &#8220;justo&#8221; que afecte m\u00e1s a unas personas que a otras.<\/p>\n\n\n\n<p class=\"wp-block-paragraph\">&#8220;Lo importante radica en que el Estado tiene que ser garante de nuestros derechos. Que dejen de ser temas invisibles y se hablen, porque mucha gente ni sabe que estamos pagando un 16 % de IVA&#8221;, termin\u00f3 Rodr\u00edguez.<\/p>\n\n\n\n<p class=\"wp-block-paragraph\">IM\u00c1GENES QUE TODAV\u00cdA &#8220;ASUSTAN&#8221;<\/p>\n\n\n\n<p class=\"wp-block-paragraph\">El elemento central del acto, la compresa gigante, recorri\u00f3 algunas calles del centro de la capital y, aunque la comitiva era peque\u00f1a, no fueron pocos los que se paraban a mirar, todav\u00eda con curiosidad.<\/p>\n\n\n\n<p class=\"wp-block-paragraph\">Y es que poco a poco, el arte en sus muchas expresiones y las mujeres artistas est\u00e1n incluyendo la menstruaci\u00f3n en sus obras, porque forma parte de ellas.<\/p>\n\n\n\n<p class=\"wp-block-paragraph\">&#8220;Nos ense\u00f1an que es algo que no se tiene que mostrar, que no se tiene que hablar hasta el punto de ser algo que casi no puedes ni mencionar&#8221;, dijo a Efe la ilustradora Mar Maremoto, quien detall\u00f3 que, para ella, el arte es un buen camino para hablar de temas complejos y tab\u00faes.<\/p>\n\n\n\n<p class=\"wp-block-paragraph\">&#8220;Que nuestra menstruaci\u00f3n sea la \u00fanica sangre que derramamos&#8221;, se puede leer en uno de sus dibujos.<\/p>\n\n\n\n<p class=\"wp-block-paragraph\">Con ella coincidi\u00f3 Laura Juliana Ram\u00edrez, creadora de Perrito Feminista, documentalista e ilustradora, quien comparti\u00f3 una ilustraci\u00f3n en Instagram que dec\u00eda &#8220;mancharnos con nuestra sangre menstrual no deber\u00eda ser sin\u00f3nimo de verg\u00fcenza&#8221; y recibi\u00f3 comentarios como que era algo &#8220;sucio y vergonzoso&#8221;.<\/p>\n\n\n\n<p class=\"wp-block-paragraph\">&#8220;No solo es importante tener conversaciones sobre la menstruaci\u00f3n y desmitificarlo. Que no sea solo conversaci\u00f3n de mujeres para que deje de ser algo como que es cosa de mujeres. (&#8230;) El feminismo ayuda a darte cuenta de esto&#8221;, dijo Ram\u00edrez.<\/p>\n","protected":false},"excerpt":{"rendered":"<p>Con una compresa gigante decorada como si estuviese manchada de sangre, un grupo de mujeres protest\u00f3 este viernes en Ciudad de M\u00e9xico pidiendo gratuidad en los productos menstruales y mejora en la educaci\u00f3n sobre el periodo y sus implicaciones, en el D\u00eda de la Higiene Menstrual. La organizaci\u00f3n Menstruaci\u00f3n Digna M\u00e9xico se concentr\u00f3 frente al [&hellip;]<\/p>\n","protected":false},"author":80,"featured_media":165546,"comment_status":"closed","ping_status":"open","sticky":false,"template":"","format":"standard","meta":{"footnotes":""},"categories":[15,36],"tags":[],"class_list":["post-165545","post","type-post","status-publish","format-standard","has-post-thumbnail","hentry","category-destacadas","category-nacion"],"_links":{"self":[{"href":"https:\/\/plazajuarez.mx\/historico\/wp-json\/wp\/v2\/posts\/165545","targetHints":{"allow":["GET"]}}],"collection":[{"href":"https:\/\/plazajuarez.mx\/historico\/wp-json\/wp\/v2\/posts"}],"about":[{"href":"https:\/\/plazajuarez.mx\/historico\/wp-json\/wp\/v2\/types\/post"}],"author":[{"embeddable":true,"href":"https:\/\/plazajuarez.mx\/historico\/wp-json\/wp\/v2\/users\/80"}],"replies":[{"embeddable":true,"href":"https:\/\/plazajuarez.mx\/historico\/wp-json\/wp\/v2\/comments?post=165545"}],"version-history":[{"count":0,"href":"https:\/\/plazajuarez.mx\/historico\/wp-json\/wp\/v2\/posts\/165545\/revisions"}],"wp:featuredmedia":[{"embeddable":true,"href":"https:\/\/plazajuarez.mx\/historico\/wp-json\/wp\/v2\/media\/165546"}],"wp:attachment":[{"href":"https:\/\/plazajuarez.mx\/historico\/wp-json\/wp\/v2\/media?parent=165545"}],"wp:term":[{"taxonomy":"category","embeddable":true,"href":"https:\/\/plazajuarez.mx\/historico\/wp-json\/wp\/v2\/categories?post=165545"},{"taxonomy":"post_tag","embeddable":true,"href":"https:\/\/plazajuarez.mx\/historico\/wp-json\/wp\/v2\/tags?post=165545"}],"curies":[{"name":"wp","href":"https:\/\/api.w.org\/{rel}","templated":true}]}}