{"id":165535,"date":"2021-05-28T15:10:55","date_gmt":"2021-05-28T20:10:55","guid":{"rendered":"https:\/\/plazajuarez.mx\/?p=165535"},"modified":"2021-05-28T15:11:12","modified_gmt":"2021-05-28T20:11:12","slug":"hombres-armados","status":"publish","type":"post","link":"https:\/\/plazajuarez.mx\/historico\/hombres-armados\/","title":{"rendered":"Hombres armados retienen a l\u00edder de Morena"},"content":{"rendered":"\n<p>Mario Delgado, l\u00edder del Movimiento Regeneraci\u00f3n Nacional (Morena), partido del presidente mexicano, Andr\u00e9s Manuel L\u00f3pez Obrador, fue retenido este viernes durante unos minutos por un grupo de hombres armados en una gira de campa\u00f1a en una carretera del norte\u00f1o estado de Tamaulipas.<\/p>\n\n\n\n<p>&#8220;Vamos de Matamoros a Reynosa. Nos detuvo una camioneta con armas largas, estamos aqu\u00ed parados, para que le avises a Rosa Icela (secretaria de Seguridad de M\u00e9xico)&#8221;, expres\u00f3 Delgado en un video retransmitido en vivo mientras estaba retenido.<\/p>\n\n\n\n<p>Delgado viajaba en una camioneta junto a la senadora de Morena Guadalupe Covarrubias y los diputados morenistas Erasmo Gonz\u00e1lez y Adriana Lozano cuando fueron interceptados por una camioneta con hombres armados.<\/p>\n\n\n\n<p>En el video retransmitido por Delgado se observa al diputado Gonz\u00e1lez, sentado en el lugar del copiloto, dialogando con los ocupantes de la otra camioneta, a quienes les dice: &#8220;Somos de Morena, no podemos salir, tenemos que avanzar&#8221;.<\/p>\n\n\n\n<p>Poco despu\u00e9s, el copiloto de la camioneta de los presuntos hombres armados levant\u00f3 el pulgar y el veh\u00edculo arranc\u00f3 permitiendo que los pol\u00edticos prosiguieran su camino.<\/p>\n\n\n\n<p>&#8220;As\u00ed est\u00e1 la situaci\u00f3n en Tamaulipas. Evidentemente hay que investigar este asunto. Es una camioneta con armas largas, fuimos detenidos, nos apuntaron a la camioneta con armas largas. Estamos bien&#8221;, dijo Delgado, quien sigui\u00f3 retransmitiendo unos minutos m\u00e1s.<\/p>\n\n\n\n<p>El l\u00edder de Morena aprovech\u00f3 para decir que Tamaulipas, en la frontera con Estados Unidos, vive &#8220;una crisis de inseguridad, de violencia&#8221; y culp\u00f3 al gobernador, Francisco Garc\u00eda Cabeza de Vaca, del derechista Partido Acci\u00f3n Nacional (PAN).<\/p>\n\n\n\n<p>Adem\u00e1s, lament\u00f3 que el Poder Judicial &#8220;sigue sin resolver&#8221; la situaci\u00f3n de Cabeza de Vaca, investigado por la Fiscal\u00eda por delincuencia organizada.<\/p>\n\n\n\n<p>&#8220;Acabamos de vivir una situaci\u00f3n que no la deseamos a nadie, ojal\u00e1 se garantice la seguridad&#8221;, a\u00f1adi\u00f3 Delgado, quien pidi\u00f3 ayuda de la Guardia Nacional para el resto de su gira.<\/p>\n\n\n\n<p>El pr\u00f3ximo 6 de junio, los mexicanos est\u00e1n llamados a las urnas para renovar la C\u00e1mara de Diputados, 15 de 32 gobernadores, 30 congresos locales y miles de ayuntamientos en las mayores elecciones de su historia.<\/p>\n\n\n\n<p>La campa\u00f1a est\u00e1 fuertemente marcada por la violencia y el crimen organizado, con al menos 88 pol\u00edticos que han sido asesinados durante el actual proceso electoral iniciado en septiembre pasado, 34 de los cuales eran aspirantes o candidatos, seg\u00fan la consultor\u00eda Etellekt.<\/p>\n","protected":false},"excerpt":{"rendered":"<p>Mario Delgado, l\u00edder del Movimiento Regeneraci\u00f3n Nacional (Morena), partido del presidente mexicano, Andr\u00e9s Manuel L\u00f3pez Obrador, fue retenido este viernes durante unos minutos por un grupo de hombres armados en una gira de campa\u00f1a en una carretera del norte\u00f1o estado de Tamaulipas. &#8220;Vamos de Matamoros a Reynosa. Nos detuvo una camioneta con armas largas, estamos [&hellip;]<\/p>\n","protected":false},"author":80,"featured_media":165536,"comment_status":"closed","ping_status":"open","sticky":false,"template":"","format":"standard","meta":{"footnotes":""},"categories":[15,36],"tags":[],"class_list":["post-165535","post","type-post","status-publish","format-standard","has-post-thumbnail","hentry","category-destacadas","category-nacion"],"_links":{"self":[{"href":"https:\/\/plazajuarez.mx\/historico\/wp-json\/wp\/v2\/posts\/165535","targetHints":{"allow":["GET"]}}],"collection":[{"href":"https:\/\/plazajuarez.mx\/historico\/wp-json\/wp\/v2\/posts"}],"about":[{"href":"https:\/\/plazajuarez.mx\/historico\/wp-json\/wp\/v2\/types\/post"}],"author":[{"embeddable":true,"href":"https:\/\/plazajuarez.mx\/historico\/wp-json\/wp\/v2\/users\/80"}],"replies":[{"embeddable":true,"href":"https:\/\/plazajuarez.mx\/historico\/wp-json\/wp\/v2\/comments?post=165535"}],"version-history":[{"count":0,"href":"https:\/\/plazajuarez.mx\/historico\/wp-json\/wp\/v2\/posts\/165535\/revisions"}],"wp:featuredmedia":[{"embeddable":true,"href":"https:\/\/plazajuarez.mx\/historico\/wp-json\/wp\/v2\/media\/165536"}],"wp:attachment":[{"href":"https:\/\/plazajuarez.mx\/historico\/wp-json\/wp\/v2\/media?parent=165535"}],"wp:term":[{"taxonomy":"category","embeddable":true,"href":"https:\/\/plazajuarez.mx\/historico\/wp-json\/wp\/v2\/categories?post=165535"},{"taxonomy":"post_tag","embeddable":true,"href":"https:\/\/plazajuarez.mx\/historico\/wp-json\/wp\/v2\/tags?post=165535"}],"curies":[{"name":"wp","href":"https:\/\/api.w.org\/{rel}","templated":true}]}}