{"id":165179,"date":"2021-05-26T10:18:11","date_gmt":"2021-05-26T15:18:11","guid":{"rendered":"https:\/\/plazajuarez.mx\/?p=165179"},"modified":"2021-05-26T10:18:38","modified_gmt":"2021-05-26T15:18:38","slug":"participan-hidalgo-en-la-mesa-de-seguridad-del-gobierno-mexicano","status":"publish","type":"post","link":"https:\/\/plazajuarez.mx\/historico\/participan-hidalgo-en-la-mesa-de-seguridad-del-gobierno-mexicano\/","title":{"rendered":"Participan Hidalgo en la Mesa de Seguridad del Gobierno Mexicano"},"content":{"rendered":"\n<p>La ma\u00f1ana de ayer el Gobernador del estado de Hidalgo, Omar Fayad Meses, acompa\u00f1ado del Secretario de Seguridad P\u00fablica Mauricio Delmar Saavedra y funcionarios de su gabinete iniciaron su agenda de trabajo al acudir a la Ciudad de M\u00e9xico para participar en la Mesa de Seguridad del Gobierno Mexicano.<\/p>\n\n\n\n<p>En tan importante reuni\u00f3n se tuvo la intervenci\u00f3n de la secretarias Olga S\u00e1nchez Cordero y Rosa Icela Rodr\u00edguez; con sus equipos de trabajo de la Secretar\u00eda de Gobernaci\u00f3n y de la Secretar\u00eda de Seguridad y Protecci\u00f3n Ciudadana.<\/p>\n\n\n\n<p>Adem\u00e1s en dicha actividad se cont\u00f3 con&nbsp; la participaci\u00f3n de representantes&nbsp; de la Secretar\u00eda de la Defensa Nacional, de la Guardia Nacional; as\u00ed como de otras dependencias federales y miembros del gabinete del Gobierno del estado de&nbsp; Hidalgo.<\/p>\n","protected":false},"excerpt":{"rendered":"<p>La ma\u00f1ana de ayer el Gobernador del estado de Hidalgo, Omar Fayad Meses, acompa\u00f1ado del Secretario de Seguridad P\u00fablica Mauricio Delmar Saavedra y funcionarios de su gabinete iniciaron su agenda de trabajo al acudir a la Ciudad de M\u00e9xico para participar en la Mesa de Seguridad del Gobierno Mexicano. En tan importante reuni\u00f3n se tuvo [&hellip;]<\/p>\n","protected":false},"author":93,"featured_media":165214,"comment_status":"closed","ping_status":"open","sticky":false,"template":"","format":"standard","meta":{"footnotes":""},"categories":[37],"tags":[],"class_list":["post-165179","post","type-post","status-publish","format-standard","has-post-thumbnail","hentry","category-barandilla"],"_links":{"self":[{"href":"https:\/\/plazajuarez.mx\/historico\/wp-json\/wp\/v2\/posts\/165179","targetHints":{"allow":["GET"]}}],"collection":[{"href":"https:\/\/plazajuarez.mx\/historico\/wp-json\/wp\/v2\/posts"}],"about":[{"href":"https:\/\/plazajuarez.mx\/historico\/wp-json\/wp\/v2\/types\/post"}],"author":[{"embeddable":true,"href":"https:\/\/plazajuarez.mx\/historico\/wp-json\/wp\/v2\/users\/93"}],"replies":[{"embeddable":true,"href":"https:\/\/plazajuarez.mx\/historico\/wp-json\/wp\/v2\/comments?post=165179"}],"version-history":[{"count":0,"href":"https:\/\/plazajuarez.mx\/historico\/wp-json\/wp\/v2\/posts\/165179\/revisions"}],"wp:featuredmedia":[{"embeddable":true,"href":"https:\/\/plazajuarez.mx\/historico\/wp-json\/wp\/v2\/media\/165214"}],"wp:attachment":[{"href":"https:\/\/plazajuarez.mx\/historico\/wp-json\/wp\/v2\/media?parent=165179"}],"wp:term":[{"taxonomy":"category","embeddable":true,"href":"https:\/\/plazajuarez.mx\/historico\/wp-json\/wp\/v2\/categories?post=165179"},{"taxonomy":"post_tag","embeddable":true,"href":"https:\/\/plazajuarez.mx\/historico\/wp-json\/wp\/v2\/tags?post=165179"}],"curies":[{"name":"wp","href":"https:\/\/api.w.org\/{rel}","templated":true}]}}