{"id":165178,"date":"2021-05-26T10:15:26","date_gmt":"2021-05-26T15:15:26","guid":{"rendered":"https:\/\/plazajuarez.mx\/?p=165178"},"modified":"2021-05-26T10:15:36","modified_gmt":"2021-05-26T15:15:36","slug":"asesino-a-su-mujer-de-dos-balazos-y-va-a-proceso","status":"publish","type":"post","link":"https:\/\/plazajuarez.mx\/historico\/asesino-a-su-mujer-de-dos-balazos-y-va-a-proceso\/","title":{"rendered":"Asesin\u00f3 a su mujer de dos balazos y va a proceso"},"content":{"rendered":"\n<p>La Procuradur\u00eda General de Justicia del estado de Hidalgo, a trav\u00e9s de las labores y aportaciones de la Fiscal\u00eda Especializada para la Atenci\u00f3n de Delitos de G\u00e9nero, acredit\u00f3 ante un juez de control, la probable responsabilidad de una persona en hechos que la ley se\u00f1ala como feminicidio.<\/p>\n\n\n\n<p>El pasado 29 de abril en la comunidad de Danghu, del municipio de Tasquillo, una persona identificada como Mois\u00e9s \u201cN\u201d, fue detenido por la polic\u00eda municipal, por ser el probable responsable de la muerte de su pareja sentimental.<\/p>\n\n\n\n<p>El imputado tras la detenci\u00f3n en flagrancia, fue presentado en la agencia del Ministerio P\u00fablico, donde se iniciaron las investigaciones bajo el protocolo de feminicidio.<\/p>\n\n\n\n<p>Una vez reunidos los datos de prueba, la autoridad ministerial, solicit\u00f3 al juez de control la vinculaci\u00f3n a proceso del probable.<\/p>\n\n\n\n<p>En audiencia inicial, luego de que la fiscal\u00eda formulara la imputaci\u00f3n de Mois\u00e9s \u201cN\u201d, el juez otorg\u00f3 la vinculaci\u00f3n del mismo, por su probable responsabilidad en feminicidio.<\/p>\n\n\n\n<p>Como medida cautelar le fue impuesta la prisi\u00f3n preventiva y se determin\u00f3 un plazo de tres meses para el cierre de la investigaci\u00f3n complementaria.<\/p>\n","protected":false},"excerpt":{"rendered":"<p>La Procuradur\u00eda General de Justicia del estado de Hidalgo, a trav\u00e9s de las labores y aportaciones de la Fiscal\u00eda Especializada para la Atenci\u00f3n de Delitos de G\u00e9nero, acredit\u00f3 ante un juez de control, la probable responsabilidad de una persona en hechos que la ley se\u00f1ala como feminicidio. El pasado 29 de abril en la comunidad [&hellip;]<\/p>\n","protected":false},"author":93,"featured_media":165188,"comment_status":"closed","ping_status":"open","sticky":false,"template":"","format":"standard","meta":{"footnotes":""},"categories":[37],"tags":[],"class_list":["post-165178","post","type-post","status-publish","format-standard","has-post-thumbnail","hentry","category-barandilla"],"_links":{"self":[{"href":"https:\/\/plazajuarez.mx\/historico\/wp-json\/wp\/v2\/posts\/165178","targetHints":{"allow":["GET"]}}],"collection":[{"href":"https:\/\/plazajuarez.mx\/historico\/wp-json\/wp\/v2\/posts"}],"about":[{"href":"https:\/\/plazajuarez.mx\/historico\/wp-json\/wp\/v2\/types\/post"}],"author":[{"embeddable":true,"href":"https:\/\/plazajuarez.mx\/historico\/wp-json\/wp\/v2\/users\/93"}],"replies":[{"embeddable":true,"href":"https:\/\/plazajuarez.mx\/historico\/wp-json\/wp\/v2\/comments?post=165178"}],"version-history":[{"count":0,"href":"https:\/\/plazajuarez.mx\/historico\/wp-json\/wp\/v2\/posts\/165178\/revisions"}],"wp:featuredmedia":[{"embeddable":true,"href":"https:\/\/plazajuarez.mx\/historico\/wp-json\/wp\/v2\/media\/165188"}],"wp:attachment":[{"href":"https:\/\/plazajuarez.mx\/historico\/wp-json\/wp\/v2\/media?parent=165178"}],"wp:term":[{"taxonomy":"category","embeddable":true,"href":"https:\/\/plazajuarez.mx\/historico\/wp-json\/wp\/v2\/categories?post=165178"},{"taxonomy":"post_tag","embeddable":true,"href":"https:\/\/plazajuarez.mx\/historico\/wp-json\/wp\/v2\/tags?post=165178"}],"curies":[{"name":"wp","href":"https:\/\/api.w.org\/{rel}","templated":true}]}}