{"id":164699,"date":"2021-05-21T15:48:52","date_gmt":"2021-05-21T20:48:52","guid":{"rendered":"https:\/\/plazajuarez.mx\/?p=164699"},"modified":"2021-05-21T15:49:04","modified_gmt":"2021-05-21T20:49:04","slug":"tras-sobrecupo-pachuca-anuncia-veto-en-el-estadio-hidalgo","status":"publish","type":"post","link":"https:\/\/plazajuarez.mx\/historico\/tras-sobrecupo-pachuca-anuncia-veto-en-el-estadio-hidalgo\/","title":{"rendered":"Tras sobrecupo, Pachuca anuncia veto en el Estadio Hidalgo"},"content":{"rendered":"\n<p>Los Tuzos del Pachuca disputan la semifinal del Guardianes 2021, empatando sin goles en el juego de ida ante Cruz Azul en un Estadio Hidalgo que ten\u00eda un sobrecupo del aforo permitido para el cotejo.<\/p>\n\n\n\n<p>Mientras la capacidad aprobada para este duelo era del 40%, el estadio Hidalgo luc\u00eda repleto en el encuentro entre los Tuzos y la M\u00e1quina.<\/p>\n\n\n\n<p>A trav\u00e9s de un comunicado de prensa, los Tuzos informaron un &#8220;autoveto&#8221; en el estadio Hidalgo, ya sea en caso de llegar a la final durante el actual certamen o el pr\u00f3ximo torneo si son eliminados por la M\u00e1quina este fin de semana.<\/p>\n\n\n\n<p>&#8220;Lo que menos puedo pensar es que la Liga salga a vetar un estadio cuando hemos tenido un a\u00f1o dif\u00edcil, necesitamos solidaridad&#8221;, mencion\u00f3 el directivo de Pachuca, Armando Mart\u00ednez, para W Deportes, cambiando claramente la postura del equipo hidalguense tras la presi\u00f3n de la opini\u00f3n p\u00fablica.<\/p>\n","protected":false},"excerpt":{"rendered":"<p>Los Tuzos del Pachuca disputan la semifinal del Guardianes 2021, empatando sin goles en el juego de ida ante Cruz Azul en un Estadio Hidalgo que ten\u00eda un sobrecupo del aforo permitido para el cotejo. Mientras la capacidad aprobada para este duelo era del 40%, el estadio Hidalgo luc\u00eda repleto en el encuentro entre los [&hellip;]<\/p>\n","protected":false},"author":81,"featured_media":164270,"comment_status":"closed","ping_status":"open","sticky":false,"template":"","format":"standard","meta":{"footnotes":""},"categories":[39,15],"tags":[],"class_list":["post-164699","post","type-post","status-publish","format-standard","has-post-thumbnail","hentry","category-deportiva","category-destacadas"],"_links":{"self":[{"href":"https:\/\/plazajuarez.mx\/historico\/wp-json\/wp\/v2\/posts\/164699","targetHints":{"allow":["GET"]}}],"collection":[{"href":"https:\/\/plazajuarez.mx\/historico\/wp-json\/wp\/v2\/posts"}],"about":[{"href":"https:\/\/plazajuarez.mx\/historico\/wp-json\/wp\/v2\/types\/post"}],"author":[{"embeddable":true,"href":"https:\/\/plazajuarez.mx\/historico\/wp-json\/wp\/v2\/users\/81"}],"replies":[{"embeddable":true,"href":"https:\/\/plazajuarez.mx\/historico\/wp-json\/wp\/v2\/comments?post=164699"}],"version-history":[{"count":0,"href":"https:\/\/plazajuarez.mx\/historico\/wp-json\/wp\/v2\/posts\/164699\/revisions"}],"wp:featuredmedia":[{"embeddable":true,"href":"https:\/\/plazajuarez.mx\/historico\/wp-json\/wp\/v2\/media\/164270"}],"wp:attachment":[{"href":"https:\/\/plazajuarez.mx\/historico\/wp-json\/wp\/v2\/media?parent=164699"}],"wp:term":[{"taxonomy":"category","embeddable":true,"href":"https:\/\/plazajuarez.mx\/historico\/wp-json\/wp\/v2\/categories?post=164699"},{"taxonomy":"post_tag","embeddable":true,"href":"https:\/\/plazajuarez.mx\/historico\/wp-json\/wp\/v2\/tags?post=164699"}],"curies":[{"name":"wp","href":"https:\/\/api.w.org\/{rel}","templated":true}]}}