{"id":164695,"date":"2021-05-21T15:01:45","date_gmt":"2021-05-21T20:01:45","guid":{"rendered":"https:\/\/plazajuarez.mx\/?p=164695"},"modified":"2021-05-21T15:02:14","modified_gmt":"2021-05-21T20:02:14","slug":"jugadores-cruz-azul-atropellamiento","status":"publish","type":"post","link":"https:\/\/plazajuarez.mx\/historico\/jugadores-cruz-azul-atropellamiento\/","title":{"rendered":"Jugadores de Cruz Azul implicados en atropellamiento"},"content":{"rendered":"\n<p>Ha comenzado a circular un video en el que aparece Pablo Aguilar, Roberto Alvarado y Santiago Gim\u00e9nez, tratando de auxiliar a una persona luego del atropellamiento; testigos aseguran que fue hoy viernes y que los futbolistas son los implicados.<\/p>\n\n\n\n<p>Un testigo, quien opt\u00f3 por el anonimato, cont\u00f3 a EL UNIVERSAL que el hombre descend\u00eda del microb\u00fas cuando pas\u00f3 la camioneta que conduc\u00eda el &#8220;Piojo&#8221; Alvarado &#8220;algo r\u00e1pido y lo avent\u00f3&#8221;. Esto cerca de las 10:30 am.<\/p>\n\n\n\n<p>&#8220;Trataron de auxiliarlo, de levantarlo r\u00e1pido. Yo marqu\u00e9 al 911 y se acercaron unos polic\u00edas, despu\u00e9s tres se fueron en un porsche y el \u00faltimo que fue el &#8216;Piojo&#8217; (Alvarado) se lo llevaron aparte y quedaron cuatro personas a cargo. Ninguno de los implicados se qued\u00f3, todos se fueron&#8221;, relat\u00f3 el testigo.<\/p>\n\n\n\n<p>Las personas que se quedaron en lugar de los jugadores celestes fueron gente del club, quienes estuvieron al pendiente del afectado, quien se dice, es menor de edad. El Cruz Azul no se ha manifestado al respecto.<\/p>\n\n\n\n<p>La M\u00e1quina disputar\u00e1 ma\u00f1ana s\u00e1bado el duelo de vuelta de las semifinales del Guard1anes 2021.<\/p>\n","protected":false},"excerpt":{"rendered":"<p>Ha comenzado a circular un video en el que aparece Pablo Aguilar, Roberto Alvarado y Santiago Gim\u00e9nez, tratando de auxiliar a una persona luego del atropellamiento; testigos aseguran que fue hoy viernes y que los futbolistas son los implicados. Un testigo, quien opt\u00f3 por el anonimato, cont\u00f3 a EL UNIVERSAL que el hombre descend\u00eda del [&hellip;]<\/p>\n","protected":false},"author":81,"featured_media":163956,"comment_status":"closed","ping_status":"open","sticky":false,"template":"","format":"standard","meta":{"footnotes":""},"categories":[39,15],"tags":[],"class_list":["post-164695","post","type-post","status-publish","format-standard","has-post-thumbnail","hentry","category-deportiva","category-destacadas"],"_links":{"self":[{"href":"https:\/\/plazajuarez.mx\/historico\/wp-json\/wp\/v2\/posts\/164695","targetHints":{"allow":["GET"]}}],"collection":[{"href":"https:\/\/plazajuarez.mx\/historico\/wp-json\/wp\/v2\/posts"}],"about":[{"href":"https:\/\/plazajuarez.mx\/historico\/wp-json\/wp\/v2\/types\/post"}],"author":[{"embeddable":true,"href":"https:\/\/plazajuarez.mx\/historico\/wp-json\/wp\/v2\/users\/81"}],"replies":[{"embeddable":true,"href":"https:\/\/plazajuarez.mx\/historico\/wp-json\/wp\/v2\/comments?post=164695"}],"version-history":[{"count":0,"href":"https:\/\/plazajuarez.mx\/historico\/wp-json\/wp\/v2\/posts\/164695\/revisions"}],"wp:featuredmedia":[{"embeddable":true,"href":"https:\/\/plazajuarez.mx\/historico\/wp-json\/wp\/v2\/media\/163956"}],"wp:attachment":[{"href":"https:\/\/plazajuarez.mx\/historico\/wp-json\/wp\/v2\/media?parent=164695"}],"wp:term":[{"taxonomy":"category","embeddable":true,"href":"https:\/\/plazajuarez.mx\/historico\/wp-json\/wp\/v2\/categories?post=164695"},{"taxonomy":"post_tag","embeddable":true,"href":"https:\/\/plazajuarez.mx\/historico\/wp-json\/wp\/v2\/tags?post=164695"}],"curies":[{"name":"wp","href":"https:\/\/api.w.org\/{rel}","templated":true}]}}