{"id":164694,"date":"2021-05-21T14:42:34","date_gmt":"2021-05-21T19:42:34","guid":{"rendered":"https:\/\/plazajuarez.mx\/?p=164694"},"modified":"2021-05-21T14:55:40","modified_gmt":"2021-05-21T19:55:40","slug":"reanudara-cdmx-conciertos-tras-baja-en-casos-y-muertes-por-covid","status":"publish","type":"post","link":"https:\/\/plazajuarez.mx\/historico\/reanudara-cdmx-conciertos-tras-baja-en-casos-y-muertes-por-covid\/","title":{"rendered":"Reanudar\u00e1 CDMX conciertos tras baja en casos y muertes por covid"},"content":{"rendered":"\n<p>La Ciudad de M\u00e9xico continuar\u00e1 en sem\u00e1foro amarillo (peligro medio) por el coronavirus una semana m\u00e1s, pero reanudar\u00e1 la realizaci\u00f3n de conciertos el pr\u00f3ximo 15 de junio, se\u00f1alaron este viernes autoridades capitalinas.<\/p>\n\n\n\n<p>En conferencia de prensa, Eduardo Clark, director de Gobierno Digital en la Agencia Digital de Innovaci\u00f3n P\u00fablica, asegur\u00f3 que, gracias a la baja en el n\u00famero de casos y muertes que se ha mantenido en las \u00faltimas semanas, es probable que la ciudad pase a sem\u00e1foro verde (bajo riesgo) en unos 15 d\u00edas.<\/p>\n\n\n\n<p>&#8220;Si siguen estas mejor\u00edas es muy probable que para el 4 (de junio) ya estemos en sem\u00e1foro del verde&#8221;, expres\u00f3 Clark.<\/p>\n\n\n\n<p>El funcionario record\u00f3 que es la primera vez desde el 13 de abril de 2020 que la ciudad reporta menos de 1.000 hospitalizados, con un porcentaje de ocupaci\u00f3n hospitalaria del 15 %.<\/p>\n\n\n\n<p>Destac\u00f3 la ca\u00edda en cuanto a la mortalidad provocada por el coronavirus, que ha mostrado un descenso sostenido desde marzo.<\/p>\n\n\n\n<p>Explic\u00f3 que esta semana 141 personas fallecieron por la covid-19, 24 % menos con respecto a la semana previa.<\/p>\n\n\n\n<p><strong>VUELVEN LOS CONCIERTOS<\/strong><\/p>\n\n\n\n<p>Jos\u00e9 Antonio Pe\u00f1a Merino, director de la Agencia Digital de Innovaci\u00f3n P\u00fablica capitalina, indic\u00f3 que a partir del 15 de junio podr\u00e1n regresar los conciertos masivos al aire libre, pero tendr\u00e1n que hacerse en palcos separados de m\u00e1ximo 8 personas y con 2 metros de separaci\u00f3n cada uno.<\/p>\n\n\n\n<p>Los eventos, dijo, podr\u00e1n realizarse en recintos al aire libre, excepto en estadios. Adem\u00e1s, tendr\u00e1n un aforo del 25 % de la capacidad del inmueble. Asimismo, ser\u00e1 obligatorio el uso del cubrebocas y el registro con el sistema QR.<\/p>\n\n\n\n<p>Inform\u00f3 que la entrada y salida a los eventos se llevar\u00e1 de manera escalonada, tanto para asistentes como el personal de trabajo y todos ellos deber\u00e1n pasar por un filtro sanitario.<\/p>\n\n\n\n<p>Y dijo que todos aquellos que participen en la organizaci\u00f3n del evento deber\u00e1n tener una prueba con resultado para la covid-19 negativo con una toma menor a 72 horas.<\/p>\n\n\n\n<p>Del mismo modo, se\u00f1al\u00f3 que la pr\u00f3xima semana reiniciar\u00e1n operaciones los centros de exposiciones, con uso de cubrebocas y 30 % de aforo total.<\/p>\n\n\n\n<p>Adem\u00e1s, Pe\u00f1a se\u00f1al\u00f3 que se aument\u00f3 el aforo al 30 % para oficinas corporativas, que deber\u00e1n seguir con las recomendaciones preventivas.<\/p>\n\n\n\n<p>Asimismo, reiteraron que tal y como lo anunci\u00f3 la jefa de gobierno, Claudia Sheinbaum, el regreso a clases presenciales en la ciudad de M\u00e9xico se realizar\u00e1 el pr\u00f3ximo 7 de junio y ser\u00e1 voluntario.<\/p>\n","protected":false},"excerpt":{"rendered":"<p>La Ciudad de M\u00e9xico continuar\u00e1 en sem\u00e1foro amarillo (peligro medio) por el coronavirus una semana m\u00e1s, pero reanudar\u00e1 la realizaci\u00f3n de conciertos el pr\u00f3ximo 15 de junio, se\u00f1alaron este viernes autoridades capitalinas. En conferencia de prensa, Eduardo Clark, director de Gobierno Digital en la Agencia Digital de Innovaci\u00f3n P\u00fablica, asegur\u00f3 que, gracias a la baja [&hellip;]<\/p>\n","protected":false},"author":80,"featured_media":164696,"comment_status":"closed","ping_status":"open","sticky":false,"template":"","format":"standard","meta":{"footnotes":""},"categories":[15],"tags":[],"class_list":["post-164694","post","type-post","status-publish","format-standard","has-post-thumbnail","hentry","category-destacadas"],"_links":{"self":[{"href":"https:\/\/plazajuarez.mx\/historico\/wp-json\/wp\/v2\/posts\/164694","targetHints":{"allow":["GET"]}}],"collection":[{"href":"https:\/\/plazajuarez.mx\/historico\/wp-json\/wp\/v2\/posts"}],"about":[{"href":"https:\/\/plazajuarez.mx\/historico\/wp-json\/wp\/v2\/types\/post"}],"author":[{"embeddable":true,"href":"https:\/\/plazajuarez.mx\/historico\/wp-json\/wp\/v2\/users\/80"}],"replies":[{"embeddable":true,"href":"https:\/\/plazajuarez.mx\/historico\/wp-json\/wp\/v2\/comments?post=164694"}],"version-history":[{"count":0,"href":"https:\/\/plazajuarez.mx\/historico\/wp-json\/wp\/v2\/posts\/164694\/revisions"}],"wp:featuredmedia":[{"embeddable":true,"href":"https:\/\/plazajuarez.mx\/historico\/wp-json\/wp\/v2\/media\/164696"}],"wp:attachment":[{"href":"https:\/\/plazajuarez.mx\/historico\/wp-json\/wp\/v2\/media?parent=164694"}],"wp:term":[{"taxonomy":"category","embeddable":true,"href":"https:\/\/plazajuarez.mx\/historico\/wp-json\/wp\/v2\/categories?post=164694"},{"taxonomy":"post_tag","embeddable":true,"href":"https:\/\/plazajuarez.mx\/historico\/wp-json\/wp\/v2\/tags?post=164694"}],"curies":[{"name":"wp","href":"https:\/\/api.w.org\/{rel}","templated":true}]}}