{"id":164686,"date":"2021-05-21T14:04:41","date_gmt":"2021-05-21T19:04:41","guid":{"rendered":"https:\/\/plazajuarez.mx\/?p=164686"},"modified":"2021-05-21T14:05:00","modified_gmt":"2021-05-21T19:05:00","slug":"reactivan-crematorio-pachuca","status":"publish","type":"post","link":"https:\/\/plazajuarez.mx\/historico\/reactivan-crematorio-pachuca\/","title":{"rendered":"Reactivan funcionamiento de crematorio en Pachuca"},"content":{"rendered":"\n<p>Este jueves 20 de mayo se puso en funcionamiento el crematorio municipal, que se encuentra al interior del Pante\u00f3n Municipal de Pachuca.&nbsp;<\/p>\n\n\n\n<p>Hab\u00eda estado inactivo por 3 meses debido a la descompostura del tercer quemador de emisi\u00f3n de gases y el desprendimiento de la fibra cer\u00e1mica de la postc\u00e1mara.<\/p>\n\n\n\n<p>El crematorio municipal se encuentra disponible de lunes a domingo las 24 horas del d\u00eda y brinda servicio a particulares y funerarias.<\/p>\n","protected":false},"excerpt":{"rendered":"<p>Este jueves 20 de mayo se puso en funcionamiento el crematorio municipal, que se encuentra al interior del Pante\u00f3n Municipal de Pachuca.&nbsp; Hab\u00eda estado inactivo por 3 meses debido a la descompostura del tercer quemador de emisi\u00f3n de gases y el desprendimiento de la fibra cer\u00e1mica de la postc\u00e1mara. El crematorio municipal se encuentra disponible [&hellip;]<\/p>\n","protected":false},"author":93,"featured_media":164687,"comment_status":"closed","ping_status":"open","sticky":false,"template":"","format":"standard","meta":{"footnotes":""},"categories":[15,59],"tags":[],"class_list":["post-164686","post","type-post","status-publish","format-standard","has-post-thumbnail","hentry","category-destacadas","category-general"],"_links":{"self":[{"href":"https:\/\/plazajuarez.mx\/historico\/wp-json\/wp\/v2\/posts\/164686","targetHints":{"allow":["GET"]}}],"collection":[{"href":"https:\/\/plazajuarez.mx\/historico\/wp-json\/wp\/v2\/posts"}],"about":[{"href":"https:\/\/plazajuarez.mx\/historico\/wp-json\/wp\/v2\/types\/post"}],"author":[{"embeddable":true,"href":"https:\/\/plazajuarez.mx\/historico\/wp-json\/wp\/v2\/users\/93"}],"replies":[{"embeddable":true,"href":"https:\/\/plazajuarez.mx\/historico\/wp-json\/wp\/v2\/comments?post=164686"}],"version-history":[{"count":0,"href":"https:\/\/plazajuarez.mx\/historico\/wp-json\/wp\/v2\/posts\/164686\/revisions"}],"wp:featuredmedia":[{"embeddable":true,"href":"https:\/\/plazajuarez.mx\/historico\/wp-json\/wp\/v2\/media\/164687"}],"wp:attachment":[{"href":"https:\/\/plazajuarez.mx\/historico\/wp-json\/wp\/v2\/media?parent=164686"}],"wp:term":[{"taxonomy":"category","embeddable":true,"href":"https:\/\/plazajuarez.mx\/historico\/wp-json\/wp\/v2\/categories?post=164686"},{"taxonomy":"post_tag","embeddable":true,"href":"https:\/\/plazajuarez.mx\/historico\/wp-json\/wp\/v2\/tags?post=164686"}],"curies":[{"name":"wp","href":"https:\/\/api.w.org\/{rel}","templated":true}]}}