{"id":164675,"date":"2021-05-21T12:49:42","date_gmt":"2021-05-21T17:49:42","guid":{"rendered":"https:\/\/plazajuarez.mx\/?p=164675"},"modified":"2021-05-21T12:49:58","modified_gmt":"2021-05-21T17:49:58","slug":"amlo-realiza-supervision-a-la-construccion-del-aeropuerto-felipe-angeles","status":"publish","type":"post","link":"https:\/\/plazajuarez.mx\/historico\/amlo-realiza-supervision-a-la-construccion-del-aeropuerto-felipe-angeles\/","title":{"rendered":"AMLO realiza supervisi\u00f3n a la construcci\u00f3n del Aeropuerto &#8220;Felipe \u00c1ngeles&#8221;"},"content":{"rendered":"\n<p>A 10 meses de que sea inaugurado, el presidente Andr\u00e9s Manuel L\u00f3pez Obrador realiza este viernes una supervisi\u00f3n de los avances de la construcci\u00f3n del Aeropuerto Internacional &#8220;General Felipe \u00c1ngeles&#8221; (AIFA) en la Base A\u00e9rea de Santa Luc\u00eda, Estado de M\u00e9xico.<\/p>\n\n\n\n<p>En conferencia de prensa, el titular del Ejecutivo federal asegur\u00f3 que el AIFA es el aeropuerto m\u00e1s moderno que se est\u00e9 construyendo en el mundo, en un tiempo r\u00e9cord, con un costo bajo, pero con mucha calidad.<\/p>\n\n\n\n<p>En Palacio Nacional, el mandatario reiter\u00f3 que este aeropuerto se inaugurar\u00e1 el pr\u00f3ximo 21 de marzo de 2022.<\/p>\n\n\n\n<p>&#8220;Vamos a hacer una evaluaci\u00f3n en el Aeropuerto &#8220;Felipe \u00c1ngeles&#8221; que va muy bien y el d\u00eda 21 de marzo del a\u00f1o pr\u00f3ximo lo inauguramos&#8221;, destac\u00f3 el presidente.<\/p>\n\n\n\n<p>&#8220;Es el m\u00e1s moderno aeropuerto que se est\u00e9 construyendo en el mundo en este tiempo, que se est\u00e1 haciendo en un tiempo r\u00e9cord, y con un costo mucho muy bajo -me refiero a la econ\u00f3mico al presupuesto- y con mucha calidad, esto gracias a los ingenieros militares, pero vamos de todas manera a una supervisi\u00f3n del Aeropuerto&#8221;, dijo.<\/p>\n","protected":false},"excerpt":{"rendered":"<p>A 10 meses de que sea inaugurado, el presidente Andr\u00e9s Manuel L\u00f3pez Obrador realiza este viernes una supervisi\u00f3n de los avances de la construcci\u00f3n del Aeropuerto Internacional &#8220;General Felipe \u00c1ngeles&#8221; (AIFA) en la Base A\u00e9rea de Santa Luc\u00eda, Estado de M\u00e9xico. En conferencia de prensa, el titular del Ejecutivo federal asegur\u00f3 que el AIFA es [&hellip;]<\/p>\n","protected":false},"author":81,"featured_media":152076,"comment_status":"closed","ping_status":"open","sticky":false,"template":"","format":"standard","meta":{"footnotes":""},"categories":[15,36],"tags":[],"class_list":["post-164675","post","type-post","status-publish","format-standard","has-post-thumbnail","hentry","category-destacadas","category-nacion"],"_links":{"self":[{"href":"https:\/\/plazajuarez.mx\/historico\/wp-json\/wp\/v2\/posts\/164675","targetHints":{"allow":["GET"]}}],"collection":[{"href":"https:\/\/plazajuarez.mx\/historico\/wp-json\/wp\/v2\/posts"}],"about":[{"href":"https:\/\/plazajuarez.mx\/historico\/wp-json\/wp\/v2\/types\/post"}],"author":[{"embeddable":true,"href":"https:\/\/plazajuarez.mx\/historico\/wp-json\/wp\/v2\/users\/81"}],"replies":[{"embeddable":true,"href":"https:\/\/plazajuarez.mx\/historico\/wp-json\/wp\/v2\/comments?post=164675"}],"version-history":[{"count":0,"href":"https:\/\/plazajuarez.mx\/historico\/wp-json\/wp\/v2\/posts\/164675\/revisions"}],"wp:featuredmedia":[{"embeddable":true,"href":"https:\/\/plazajuarez.mx\/historico\/wp-json\/wp\/v2\/media\/152076"}],"wp:attachment":[{"href":"https:\/\/plazajuarez.mx\/historico\/wp-json\/wp\/v2\/media?parent=164675"}],"wp:term":[{"taxonomy":"category","embeddable":true,"href":"https:\/\/plazajuarez.mx\/historico\/wp-json\/wp\/v2\/categories?post=164675"},{"taxonomy":"post_tag","embeddable":true,"href":"https:\/\/plazajuarez.mx\/historico\/wp-json\/wp\/v2\/tags?post=164675"}],"curies":[{"name":"wp","href":"https:\/\/api.w.org\/{rel}","templated":true}]}}