{"id":16459,"date":"2016-01-28T12:47:11","date_gmt":"2016-01-28T12:47:11","guid":{"rendered":"http:\/\/plazajuarez.mx\/index\/index.php\/2016\/01\/28\/laguna-de-voces-109\/"},"modified":"2016-01-28T12:47:11","modified_gmt":"2016-01-28T12:47:11","slug":"laguna-de-voces-109","status":"publish","type":"post","link":"https:\/\/plazajuarez.mx\/historico\/laguna-de-voces-109\/","title":{"rendered":"LAGUNA DE VOCES"},"content":{"rendered":"<ul>\n<li>Divagaciones sobre los recuerdos <!--more--> <\/li>\n<\/ul>\n<p>Olvidamos lo que hicimos ayer porque es la \u00fanica forma de creer en la novedad de la existencia. En alg\u00fan momento de nuestras vidas cre\u00edmos como algo seguro la memoria, pero poco a poco y de manera irremediable, nos damos cuenta que de conservar todos los recuerdos, acabar\u00edamos por no distinguir la realidad. Y la realidad cada vez es un algo imposible de entender, de agarrar con las manos, de pensar siquiera que estar\u00e1 ah\u00ed cuando de pronto necesitemos de ella. No existe, han dicho una y mil veces los que buscan de manera constante la raz\u00f3n de todo.<\/p>\n<p>\u00a0\u00a0\u00a0\u00a0\u00a0\u00a0\u00a0\u00a0\u00a0\u00a0\u00a0\u00a0\u00a0\u00a0\u00a0 Puede que tengan raz\u00f3n, y la construcci\u00f3n cotidiana de los elementos que le dan motivo de ser, no sea sino una obra in\u00fatil, un colado que se cae en la loza que nos pesa, y hace que un d\u00eda cualquiera empecemos a creer que no val\u00eda la pena, que ser\u00e1 una casa que nunca habitemos, o si lo hacemos, habr\u00e1 perdido la magia cuando traz\u00e1bamos en un papel croquis sin sentido, l\u00edneas que marcaban un patio para descansar.<\/p>\n<p>\u00a0\u00a0\u00a0\u00a0\u00a0\u00a0\u00a0\u00a0\u00a0\u00a0\u00a0\u00a0\u00a0\u00a0\u00a0 Siempre olvidar es la constante que nos hace entender que, despu\u00e9s de todo, el paso que hayamos tenido en la vida fue eso, un paso ligero, sin tocar suelo, solo ligero y tan ausente como nosotros mismos.<\/p>\n<p>\u00a0\u00a0\u00a0\u00a0\u00a0\u00a0\u00a0\u00a0\u00a0\u00a0\u00a0\u00a0\u00a0\u00a0\u00a0 Jugamos, eso s\u00ed que lo hacemos, a dejar rendijas abiertas a los recuerdos, gu\u00edas sin sentido para reconocer instantes en que fuimos felices, alegres de estar en el escenario que cre\u00edmos dispuesto para nuestro lucimiento. Pero no era tal, simplemente ilusiones, vestigios de antiguos deseos que hoy se confunden, se hacen nada.<\/p>\n<p>\u00a0\u00a0\u00a0\u00a0\u00a0\u00a0\u00a0\u00a0\u00a0\u00a0\u00a0\u00a0\u00a0\u00a0\u00a0 Ayer una mujer muri\u00f3 atropellada por veloz camioneta enfrente de la Plaza Universidad de Pachuca. Nadie daba cr\u00e9dito que apenas unos segundos antes corr\u00eda para alcanzar la otra acera, y luego volaba por los aires para caer ya sin vida. Un momento, diminuto, marc\u00f3 el final del universo que hab\u00eda creado desde ni\u00f1a hasta los 60 a\u00f1os en que se fue.<\/p>\n<p>\u00a0\u00a0\u00a0\u00a0\u00a0\u00a0\u00a0\u00a0\u00a0\u00a0\u00a0\u00a0\u00a0\u00a0\u00a0 Entonces as\u00ed de fr\u00e1gil esto de la vida. Entonces basta un descuido, un cerrar los ojos para cancelar la eternidad que se pensaba ganada.<\/p>\n<p>\u00a0\u00a0\u00a0\u00a0\u00a0\u00a0\u00a0\u00a0\u00a0\u00a0\u00a0\u00a0\u00a0\u00a0\u00a0 Olvid\u00f3 por un instante mirar al lodo contrario de su carrera, no cerciorarse que siempre nos corretea la que tarde o temprano nos agarra. A veces as\u00ed, en un vuelo por los aires. A veces en la cama del hospital. A veces, tambi\u00e9n, como otro hombre, este de 50 y tantos a\u00f1os, que de pronto se agarr\u00f3 el pecho y cay\u00f3, rotundo, duro contra el suelo en un barrio de la ciudad.<\/p>\n<p>\u00a0\u00a0\u00a0\u00a0\u00a0\u00a0\u00a0\u00a0\u00a0\u00a0\u00a0\u00a0\u00a0\u00a0\u00a0 Y los recuerdos se quedan ah\u00ed, en el olvido.<\/p>\n<p>\u00a0\u00a0\u00a0\u00a0\u00a0\u00a0\u00a0\u00a0\u00a0\u00a0\u00a0\u00a0\u00a0\u00a0\u00a0 Es una cita del dominio popular que nacemos para morir. Nadie la puede refutar, salvo Pablo Neruda que afirmaba eso de, \u201cpara nacer he nacido\u201d.<\/p>\n<p>\u00a0\u00a0\u00a0\u00a0\u00a0\u00a0\u00a0\u00a0\u00a0\u00a0\u00a0\u00a0\u00a0\u00a0\u00a0 Pero el hecho constante es que al menor descuido ya nos vamos. Y no es asunto de estar todo el tiempo a las vivas, con los ojos abiertos con espanto para no caer en la tentaci\u00f3n del olvido. Pero el olvido es precisamente lo que nutre la alegr\u00eda de la existencia, lo que le da ese sentido absoluto de que todo puede ser nuevo, novedoso, como nunca antes.<\/p>\n<p>\u00a0\u00a0\u00a0\u00a0\u00a0\u00a0\u00a0\u00a0\u00a0\u00a0\u00a0\u00a0\u00a0\u00a0\u00a0 Y ah\u00ed pasa lo que pasa.<\/p>\n<p>\u00a0\u00a0\u00a0\u00a0\u00a0\u00a0\u00a0\u00a0\u00a0\u00a0\u00a0\u00a0\u00a0\u00a0\u00a0 Todas las muertes que leemos diariamente en los informativos, en las redes sociales, en la novedad que hoy vivimos de enterarnos apenas sucedieron, tienen que ver con un plan previo. Pero con todo y que ya nada nos sorprende, por lo menos nos asusta de vez en cuando que por un simple y vulgar descuido todo se acabe.<\/p>\n<p>\u00a0\u00a0\u00a0\u00a0\u00a0\u00a0\u00a0\u00a0\u00a0\u00a0\u00a0\u00a0\u00a0\u00a0\u00a0 As\u00ed que lo mejor ser\u00e1 ir con la cabeza como rehilete, vuelta a la derecha, a la izquierda, arriba, abajo, a donde sea necesario, para que no sea la broma mortal de la muerte la que logre convencernos de que la memoria es necesaria para sobrevivir.<\/p>\n<p>Mil gracias, hasta ma\u00f1ana.<\/p>\n<p><a href=\"mailto:peraltajav@gmail.com\">peraltajav@gmail.com<\/a><\/p>\n<p>twitter: @JavierEPeralta<\/p>\n<p>\u00a0<\/p>\n<p>CITA:<\/p>\n<p><em>Todas las muertes que leemos diariamente en los informativos, en las redes sociales, en la novedad que hoy vivimos de enterarnos apenas sucedieron, tienen que ver con un plan previo. Pero con todo y que ya nada nos sorprende, por lo menos nos asusta de vez en cuando que por un simple y vulgar descuido todo se acabe.<\/em><\/p>\n","protected":false},"excerpt":{"rendered":"<p>Divagaciones sobre los recuerdos<\/p>\n","protected":false},"author":93,"featured_media":0,"comment_status":"open","ping_status":"open","sticky":false,"template":"","format":"standard","meta":{"footnotes":""},"categories":[49],"tags":[],"class_list":["post-16459","post","type-post","status-publish","format-standard","hentry","category-javier-peralta"],"_links":{"self":[{"href":"https:\/\/plazajuarez.mx\/historico\/wp-json\/wp\/v2\/posts\/16459","targetHints":{"allow":["GET"]}}],"collection":[{"href":"https:\/\/plazajuarez.mx\/historico\/wp-json\/wp\/v2\/posts"}],"about":[{"href":"https:\/\/plazajuarez.mx\/historico\/wp-json\/wp\/v2\/types\/post"}],"author":[{"embeddable":true,"href":"https:\/\/plazajuarez.mx\/historico\/wp-json\/wp\/v2\/users\/93"}],"replies":[{"embeddable":true,"href":"https:\/\/plazajuarez.mx\/historico\/wp-json\/wp\/v2\/comments?post=16459"}],"version-history":[{"count":0,"href":"https:\/\/plazajuarez.mx\/historico\/wp-json\/wp\/v2\/posts\/16459\/revisions"}],"wp:attachment":[{"href":"https:\/\/plazajuarez.mx\/historico\/wp-json\/wp\/v2\/media?parent=16459"}],"wp:term":[{"taxonomy":"category","embeddable":true,"href":"https:\/\/plazajuarez.mx\/historico\/wp-json\/wp\/v2\/categories?post=16459"},{"taxonomy":"post_tag","embeddable":true,"href":"https:\/\/plazajuarez.mx\/historico\/wp-json\/wp\/v2\/tags?post=16459"}],"curies":[{"name":"wp","href":"https:\/\/api.w.org\/{rel}","templated":true}]}}