{"id":164530,"date":"2021-05-20T10:00:00","date_gmt":"2021-05-20T15:00:00","guid":{"rendered":"https:\/\/plazajuarez.mx\/?p=164530"},"modified":"2021-05-20T11:27:34","modified_gmt":"2021-05-20T16:27:34","slug":"netflix-estrenara-pelicula-de-la-casa-de-las-flores-el-23-de-junio","status":"publish","type":"post","link":"https:\/\/plazajuarez.mx\/historico\/netflix-estrenara-pelicula-de-la-casa-de-las-flores-el-23-de-junio\/","title":{"rendered":"Netflix estrenar\u00e1 pel\u00edcula de &#8220;La casa de las flores&#8221; el 23 de junio"},"content":{"rendered":"\n<p>&#8220;La casa de las flores&#8221; regresa a las pantallas de Netflix, ahora en formato de pel\u00edcula y con nuevos personajes, para seguir revelando los secretos m\u00e1s \u00edntimos de la familia De la Mora.<\/p>\n\n\n\n<p>&#8220;A los De la Mora les qued\u00f3 un asuntito pendiente y regresan este 23 de junio en la pel\u00edcula de &#8216;La casa de las flores&#8217; por Netflix&#8221;, escribi\u00f3 en sus redes sociales su creador, el director mexicano Manolo Caro.<\/p>\n\n\n\n<p>El anuncio llega luego de haber concluido la tercera temporada de la serie en 2020, con la que se pensaba se hab\u00eda acabado el ciclo de la historia.<\/p>\n\n\n\n<p>A\u00fan sin un &#8220;trailer&#8221; o un adelanto de lo que tratar\u00e1 el filme, ya fueron develadas las primeras im\u00e1genes en las que se observa a los personajes principales: Elena (Aislinn Derbez), Juli\u00e1n (Dario Yazbek), Paulina (Cecilia Su\u00e1rez) y Diego (Juan Pablo Medina).<\/p>\n\n\n\n<p>Asimismo, la llamada &#8220;Novia de M\u00e9xico&#8221;, Ang\u00e9lica Mar\u00eda, dar\u00e1 vida a uno de los nuevos personajes que se unen a este proyecto por el que han pasado ic\u00f3nicas actrices de la televisi\u00f3n mexicana como Ver\u00f3nica Castro.<\/p>\n\n\n\n<p>Otra de las sorpresas que fueron anunciadas fue la adici\u00f3n de Andrea Chaparro, hija del comediante Omar Chaparro, y De Tessa, a quien se le puede observar en una fotograf\u00eda haciendo un puchero mientras porta un vestido de novia de los a\u00f1os 80, y la participaci\u00f3n especial del &#8220;influencer&#8221; Paco de Miguel.<\/p>\n\n\n\n<p>Desde el estreno de la &#8220;La casa de las flores&#8221;, en 2018, la serie se convirti\u00f3 en una de las series mexicanas m\u00e1s populares de los \u00faltimos tiempos.<\/p>\n\n\n\n<p>Su humor negro, cr\u00edticas a una sociedad con doble moral y el gran elenco que conform\u00f3 cada una de las temporadas suscit\u00f3 gran acogida por parte del p\u00fablico.<\/p>\n\n\n\n<p>Adem\u00e1s de &#8220;La casa de las flores&#8221;, el director de cine encontr\u00f3 un lugar en las producciones televisivas con la serie &#8220;Alguien tiene que morir&#8221;, cuyas grabaciones se llevaron a cabo entre M\u00e9xico y Espa\u00f1a<\/p>\n\n\n\n<p>Actualmente se encuentra trabajando en la primera serie musical de Netflix, llamada &#8220;\u00c9rase una vez&#8230; pero ya no&#8221;, protagonizada por Sebasti\u00e1n Yatra, Rossy de Palma, Asier Etxeandia y Mariana Trevi\u00f1o.<\/p>\n","protected":false},"excerpt":{"rendered":"<p>&#8220;La casa de las flores&#8221; regresa a las pantallas de Netflix, ahora en formato de pel\u00edcula y con nuevos personajes, para seguir revelando los secretos m\u00e1s \u00edntimos de la familia De la Mora. &#8220;A los De la Mora les qued\u00f3 un asuntito pendiente y regresan este 23 de junio en la pel\u00edcula de &#8216;La casa [&hellip;]<\/p>\n","protected":false},"author":80,"featured_media":164538,"comment_status":"closed","ping_status":"open","sticky":false,"template":"","format":"standard","meta":{"footnotes":""},"categories":[38],"tags":[],"class_list":["post-164530","post","type-post","status-publish","format-standard","has-post-thumbnail","hentry","category-show"],"_links":{"self":[{"href":"https:\/\/plazajuarez.mx\/historico\/wp-json\/wp\/v2\/posts\/164530","targetHints":{"allow":["GET"]}}],"collection":[{"href":"https:\/\/plazajuarez.mx\/historico\/wp-json\/wp\/v2\/posts"}],"about":[{"href":"https:\/\/plazajuarez.mx\/historico\/wp-json\/wp\/v2\/types\/post"}],"author":[{"embeddable":true,"href":"https:\/\/plazajuarez.mx\/historico\/wp-json\/wp\/v2\/users\/80"}],"replies":[{"embeddable":true,"href":"https:\/\/plazajuarez.mx\/historico\/wp-json\/wp\/v2\/comments?post=164530"}],"version-history":[{"count":0,"href":"https:\/\/plazajuarez.mx\/historico\/wp-json\/wp\/v2\/posts\/164530\/revisions"}],"wp:featuredmedia":[{"embeddable":true,"href":"https:\/\/plazajuarez.mx\/historico\/wp-json\/wp\/v2\/media\/164538"}],"wp:attachment":[{"href":"https:\/\/plazajuarez.mx\/historico\/wp-json\/wp\/v2\/media?parent=164530"}],"wp:term":[{"taxonomy":"category","embeddable":true,"href":"https:\/\/plazajuarez.mx\/historico\/wp-json\/wp\/v2\/categories?post=164530"},{"taxonomy":"post_tag","embeddable":true,"href":"https:\/\/plazajuarez.mx\/historico\/wp-json\/wp\/v2\/tags?post=164530"}],"curies":[{"name":"wp","href":"https:\/\/api.w.org\/{rel}","templated":true}]}}