{"id":164491,"date":"2021-05-20T10:09:39","date_gmt":"2021-05-20T15:09:39","guid":{"rendered":"https:\/\/plazajuarez.mx\/?p=164491"},"modified":"2021-05-20T10:09:55","modified_gmt":"2021-05-20T15:09:55","slug":"inclusion-una-tarea-pendiente-para-todos-los-candidatos","status":"publish","type":"post","link":"https:\/\/plazajuarez.mx\/historico\/inclusion-una-tarea-pendiente-para-todos-los-candidatos\/","title":{"rendered":"INCLUSI\u00d3N, UNA TAREA PENDIENTE PARA TODOS LOS CANDIDATOS"},"content":{"rendered":"\n<p>\u201cAcciones en favor de la inclusi\u00f3n, generaci\u00f3n de accesos, condiciones para facilitar el transitar e impulsar las oportunidades para las personas con discapacidad, son una tarea pendiente que tiene la sociedad en general, pero tambi\u00e9n quienes aspiran estar en el Congreso de Hidalgo\u201d, dijo la candidata a diputada local por el distrito XII Pachuca, Citlali Jaramillo Ram\u00edrez.<\/p>\n\n\n\n<p>\u201cHoy podemos presumir de dos candidatos a diputados pluris como mi amigo Jairo (Alberto Montoya Ord\u00e1z), como Moi (Mois\u00e9s Pelcastre Hern\u00e1ndez), quienes nos est\u00e1n representando dignamente y cada vez est\u00e1n abriendo m\u00e1s las puertas a favor de las personas con discapacidad. Tenemos tarea pendiente, sabemos y entendemos que falta empleo, que no se les considera cuando tambi\u00e9n tienen otras habilidades todav\u00eda mucho m\u00e1s fortalecidas\u201d.<\/p>\n\n\n\n<p>Citlali Jaramillo consider\u00f3 que el tema de inclusi\u00f3n laboral de personas con discapacidad es una tarea que deber\u00e1 ser atendida tanto por el Congreso local, como por el federal, pues actualmente, debe de haber m\u00e1s apertura, los empleos deben ser m\u00e1s inclusivos y con accesibilidad.<\/p>\n","protected":false},"excerpt":{"rendered":"<p>\u201cAcciones en favor de la inclusi\u00f3n, generaci\u00f3n de accesos, condiciones para facilitar el transitar e impulsar las oportunidades para las personas con discapacidad, son una tarea pendiente que tiene la sociedad en general, pero tambi\u00e9n quienes aspiran estar en el Congreso de Hidalgo\u201d, dijo la candidata a diputada local por el distrito XII Pachuca, Citlali [&hellip;]<\/p>\n","protected":false},"author":93,"featured_media":164493,"comment_status":"closed","ping_status":"open","sticky":false,"template":"","format":"standard","meta":{"footnotes":""},"categories":[2154,59],"tags":[],"class_list":["post-164491","post","type-post","status-publish","format-standard","has-post-thumbnail","hentry","category-elecciones21","category-general"],"_links":{"self":[{"href":"https:\/\/plazajuarez.mx\/historico\/wp-json\/wp\/v2\/posts\/164491","targetHints":{"allow":["GET"]}}],"collection":[{"href":"https:\/\/plazajuarez.mx\/historico\/wp-json\/wp\/v2\/posts"}],"about":[{"href":"https:\/\/plazajuarez.mx\/historico\/wp-json\/wp\/v2\/types\/post"}],"author":[{"embeddable":true,"href":"https:\/\/plazajuarez.mx\/historico\/wp-json\/wp\/v2\/users\/93"}],"replies":[{"embeddable":true,"href":"https:\/\/plazajuarez.mx\/historico\/wp-json\/wp\/v2\/comments?post=164491"}],"version-history":[{"count":0,"href":"https:\/\/plazajuarez.mx\/historico\/wp-json\/wp\/v2\/posts\/164491\/revisions"}],"wp:featuredmedia":[{"embeddable":true,"href":"https:\/\/plazajuarez.mx\/historico\/wp-json\/wp\/v2\/media\/164493"}],"wp:attachment":[{"href":"https:\/\/plazajuarez.mx\/historico\/wp-json\/wp\/v2\/media?parent=164491"}],"wp:term":[{"taxonomy":"category","embeddable":true,"href":"https:\/\/plazajuarez.mx\/historico\/wp-json\/wp\/v2\/categories?post=164491"},{"taxonomy":"post_tag","embeddable":true,"href":"https:\/\/plazajuarez.mx\/historico\/wp-json\/wp\/v2\/tags?post=164491"}],"curies":[{"name":"wp","href":"https:\/\/api.w.org\/{rel}","templated":true}]}}