{"id":164402,"date":"2021-05-19T10:00:00","date_gmt":"2021-05-19T15:00:00","guid":{"rendered":"https:\/\/plazajuarez.mx\/?p=164402"},"modified":"2021-05-19T11:46:36","modified_gmt":"2021-05-19T16:46:36","slug":"naomi-campbell-se-convierte-en-madre-por-primera-vez-a-los-50-anos","status":"publish","type":"post","link":"https:\/\/plazajuarez.mx\/historico\/naomi-campbell-se-convierte-en-madre-por-primera-vez-a-los-50-anos\/","title":{"rendered":"Naomi Campbell se convierte en madre por primera vez a los 50 a\u00f1os"},"content":{"rendered":"\n<p>La maternidad lleg\u00f3 a la vida de Naomi Campbell, la modelo de 50 a\u00f1os est\u00e1 muy emocionada por la noticia que comparti\u00f3 con sus seguidores en redes sociales.<\/p>\n\n\n\n<p>La brit\u00e1nica se estrena como mam\u00e1 de una ni\u00f1a, as\u00ed lo dio a conocer a trav\u00e9s de una tierna fotograf\u00eda en la que aparece sosteniendo entre sus manos los peque\u00f1os pies de una ni\u00f1a.<\/p>\n\n\n\n<p>La tierna imagen que r\u00e1pidamente conmocion\u00f3 a sus fans, est\u00e1 acompa\u00f1ada con un mensaje lleno de emoci\u00f3n en el que expresa que no encuentra palabras para describir el m\u00e1gico momento que est\u00e1 viviendo.<\/p>\n\n\n\n<p>&#8220;Una peque\u00f1a y hermosa bendici\u00f3n me ha elegido para ser su madre, tan honrada de tener esta alma gentil en mi vida que no hay palabras para describir el v\u00ednculo en mi vida que ahora comparto contigo, mi \u00e1ngel. No hay mayor amor&#8221;, se lee.<\/p>\n\n\n\n<p>Naomi Campbell, una de las modelos m\u00e1s reconocidas del mundo, particip\u00f3 en un desfile a inicios del 2021 junto a la actriz Demi Moore; un grupo de modelos&nbsp; present\u00f3 la colecci\u00f3n primavera-verano 2021 de alta costura de Kim Jones para la firma italiana Fendi, un desfile &#8220;fashion film&#8221; con asientos vac\u00edos en el que tambi\u00e9n particip\u00f3 Kate Moos, su hija Lila y Bella Hadid.<\/p>\n","protected":false},"excerpt":{"rendered":"<p>La maternidad lleg\u00f3 a la vida de Naomi Campbell, la modelo de 50 a\u00f1os est\u00e1 muy emocionada por la noticia que comparti\u00f3 con sus seguidores en redes sociales. La brit\u00e1nica se estrena como mam\u00e1 de una ni\u00f1a, as\u00ed lo dio a conocer a trav\u00e9s de una tierna fotograf\u00eda en la que aparece sosteniendo entre sus [&hellip;]<\/p>\n","protected":false},"author":81,"featured_media":164390,"comment_status":"closed","ping_status":"open","sticky":false,"template":"","format":"standard","meta":{"footnotes":""},"categories":[38],"tags":[],"class_list":["post-164402","post","type-post","status-publish","format-standard","has-post-thumbnail","hentry","category-show"],"_links":{"self":[{"href":"https:\/\/plazajuarez.mx\/historico\/wp-json\/wp\/v2\/posts\/164402","targetHints":{"allow":["GET"]}}],"collection":[{"href":"https:\/\/plazajuarez.mx\/historico\/wp-json\/wp\/v2\/posts"}],"about":[{"href":"https:\/\/plazajuarez.mx\/historico\/wp-json\/wp\/v2\/types\/post"}],"author":[{"embeddable":true,"href":"https:\/\/plazajuarez.mx\/historico\/wp-json\/wp\/v2\/users\/81"}],"replies":[{"embeddable":true,"href":"https:\/\/plazajuarez.mx\/historico\/wp-json\/wp\/v2\/comments?post=164402"}],"version-history":[{"count":0,"href":"https:\/\/plazajuarez.mx\/historico\/wp-json\/wp\/v2\/posts\/164402\/revisions"}],"wp:featuredmedia":[{"embeddable":true,"href":"https:\/\/plazajuarez.mx\/historico\/wp-json\/wp\/v2\/media\/164390"}],"wp:attachment":[{"href":"https:\/\/plazajuarez.mx\/historico\/wp-json\/wp\/v2\/media?parent=164402"}],"wp:term":[{"taxonomy":"category","embeddable":true,"href":"https:\/\/plazajuarez.mx\/historico\/wp-json\/wp\/v2\/categories?post=164402"},{"taxonomy":"post_tag","embeddable":true,"href":"https:\/\/plazajuarez.mx\/historico\/wp-json\/wp\/v2\/tags?post=164402"}],"curies":[{"name":"wp","href":"https:\/\/api.w.org\/{rel}","templated":true}]}}