{"id":164340,"date":"2021-05-19T10:12:54","date_gmt":"2021-05-19T15:12:54","guid":{"rendered":"https:\/\/plazajuarez.mx\/?p=164340"},"modified":"2021-05-19T10:13:16","modified_gmt":"2021-05-19T15:13:16","slug":"jovenes-creen-en-la-democracia-son-apaticos-hacia-politicos","status":"publish","type":"post","link":"https:\/\/plazajuarez.mx\/historico\/jovenes-creen-en-la-democracia-son-apaticos-hacia-politicos\/","title":{"rendered":"J\u00f3venes creen en la democracia; son ap\u00e1ticos hacia pol\u00edticos"},"content":{"rendered":"\n<p>El subdirector de informaci\u00f3n y gesti\u00f3n de conocimiento del Instituto Nacional Electoral (INE) Hidalgo, Aar\u00f3n Jaramillo Gonz\u00e1lez, asegur\u00f3 que los j\u00f3venes entre 18 a 29 a\u00f1os de edad, creen en la democracia, pero se muestran ap\u00e1ticos al actuar de los pol\u00edticos e instancias y por ello no salen a votar.<\/p>\n\n\n\n<p>En entrevista para el programa \u201cAl Aire\u201d del Sistema de Radio y Televisi\u00f3n de Hidalgo, indic\u00f3 que esa informaci\u00f3n resulta de la Encuesta Nacional de Educaci\u00f3n C\u00edvica presentada por el Inegi (instituto Nacional de Estad\u00edstica y Geograf\u00eda) hace dos meses.<\/p>\n\n\n\n<p>\u201cLos j\u00f3venes creen en la democracia y en la pr\u00e1ctica, pero se muestran ap\u00e1ticos por el desencanto de la actuaci\u00f3n de la clase pol\u00edtica y algunas instituciones, el reto es impulsarlos para que acudan a las urnas y vean que es importante que participen\u201d.<\/p>\n\n\n\n<p>Asimismo, indic\u00f3 que la encuesta refleja que la Secretar\u00eda de la Defensa Nacional (Sedena) y la Guardia Nacional, ocupan el primer y segundo lugar en credibilidad, seguido del INE.<\/p>\n\n\n\n<p>En tanto, Jaramillo Gonz\u00e1lez puntualiz\u00f3 que el \u00e1rea que encabeza se dedica a la operaci\u00f3n del programa de participaci\u00f3n ciudadana en el marco del Proceso Electoral federal 2020-2021, el cual fue aprobado por el Consejo General del INE el 30 de septiembre del a\u00f1o pasado; \u201cnos toca operar e invitar a los ciudadanos a emitir un voto informado y razonado\u201d.<\/p>\n","protected":false},"excerpt":{"rendered":"<p>El subdirector de informaci\u00f3n y gesti\u00f3n de conocimiento del Instituto Nacional Electoral (INE) Hidalgo, Aar\u00f3n Jaramillo Gonz\u00e1lez, asegur\u00f3 que los j\u00f3venes entre 18 a 29 a\u00f1os de edad, creen en la democracia, pero se muestran ap\u00e1ticos al actuar de los pol\u00edticos e instancias y por ello no salen a votar. En entrevista para el programa [&hellip;]<\/p>\n","protected":false},"author":73,"featured_media":164341,"comment_status":"closed","ping_status":"open","sticky":false,"template":"","format":"standard","meta":{"footnotes":""},"categories":[15,59],"tags":[],"class_list":["post-164340","post","type-post","status-publish","format-standard","has-post-thumbnail","hentry","category-destacadas","category-general"],"_links":{"self":[{"href":"https:\/\/plazajuarez.mx\/historico\/wp-json\/wp\/v2\/posts\/164340","targetHints":{"allow":["GET"]}}],"collection":[{"href":"https:\/\/plazajuarez.mx\/historico\/wp-json\/wp\/v2\/posts"}],"about":[{"href":"https:\/\/plazajuarez.mx\/historico\/wp-json\/wp\/v2\/types\/post"}],"author":[{"embeddable":true,"href":"https:\/\/plazajuarez.mx\/historico\/wp-json\/wp\/v2\/users\/73"}],"replies":[{"embeddable":true,"href":"https:\/\/plazajuarez.mx\/historico\/wp-json\/wp\/v2\/comments?post=164340"}],"version-history":[{"count":0,"href":"https:\/\/plazajuarez.mx\/historico\/wp-json\/wp\/v2\/posts\/164340\/revisions"}],"wp:featuredmedia":[{"embeddable":true,"href":"https:\/\/plazajuarez.mx\/historico\/wp-json\/wp\/v2\/media\/164341"}],"wp:attachment":[{"href":"https:\/\/plazajuarez.mx\/historico\/wp-json\/wp\/v2\/media?parent=164340"}],"wp:term":[{"taxonomy":"category","embeddable":true,"href":"https:\/\/plazajuarez.mx\/historico\/wp-json\/wp\/v2\/categories?post=164340"},{"taxonomy":"post_tag","embeddable":true,"href":"https:\/\/plazajuarez.mx\/historico\/wp-json\/wp\/v2\/tags?post=164340"}],"curies":[{"name":"wp","href":"https:\/\/api.w.org\/{rel}","templated":true}]}}