{"id":163611,"date":"2021-05-13T15:10:10","date_gmt":"2021-05-13T20:10:10","guid":{"rendered":"https:\/\/plazajuarez.mx\/?p=163611"},"modified":"2021-05-13T15:10:26","modified_gmt":"2021-05-13T20:10:26","slug":"mexico-preve-tener-en-mayo-24-primer-lote-de-astrazeneca-envasado-en-el-pais","status":"publish","type":"post","link":"https:\/\/plazajuarez.mx\/historico\/mexico-preve-tener-en-mayo-24-primer-lote-de-astrazeneca-envasado-en-el-pais\/","title":{"rendered":"M\u00e9xico prev\u00e9 tener en mayo 24 primer lote de AstraZeneca envasado en el pa\u00eds"},"content":{"rendered":"\n<p>El Gobierno mexicano prev\u00e9 contar con el primer lote de vacunas de AstraZeneca envasado en una planta del pa\u00eds para el pr\u00f3ximo 24 de mayo, afirm\u00f3 este jueves el titular de la Secretar\u00eda de Hacienda y Cr\u00e9dito P\u00fablico (SHCP), Arturo Herrera, durante el evento &#8220;M\u00e9xico: La ruta hacia la recuperaci\u00f3n econ\u00f3mica&#8221; de la Americas Society\/Council of the Americas (AS\/COA).<\/p>\n\n\n\n<p>A partir de ese momento, el Gobierno recibir\u00e1 entre 10 millones y 12 millones de dosis al mes del f\u00e1rmaco. \u201cEl primer lote se recibe el 24 de mayo, y una vez que eso pase, las vacunas ser\u00e1n producidas aqu\u00ed, as\u00ed tendremos mucho mayor control\u201d, declar\u00f3 el funcionario al enumerar las distintas vacunas anticovid que ya se producen en M\u00e9xico.<\/p>\n\n\n\n<p>M\u00e9xico y Argentina firmaron un acuerdo, en agosto pasado, para producir hasta 250 millones de dosis del f\u00e1rmaco para el resto de Am\u00e9rica Latina con apoyo de la Fundaci\u00f3n Carlos Slim y la promesa de iniciar la producci\u00f3n en abril.<\/p>\n\n\n\n<p>Pero el envasado final se retras\u00f3 en la planta del central Estado de M\u00e9xico por tr\u00e1mites de la Comisi\u00f3n Federal para la Protecci\u00f3n Contra Riesgos Sanitarios (Cofepris).<\/p>\n\n\n\n<p>&#8220;Se tard\u00f3 un poquito en echar a andar, de hecho ya se est\u00e1 produciendo y tardan unas semanas de pruebas el primer lote&#8221;, reconoci\u00f3 Herrera.<\/p>\n\n\n\n<p>Con 79,4 millones de dosis comprometidas, el f\u00e1rmaco de AstraZeneca es la principal apuesta del Gobierno de M\u00e9xico, que ya recibi\u00f3 4,6 millones de unidades de este f\u00e1rmaco, unas 2,7 millones como pr\u00e9stamo de Estados Unidos en abril y el resto del Instituto Serum de India (SII).<\/p>\n\n\n\n<p>Adem\u00e1s, el presidente Andr\u00e9s Manuel L\u00f3pez Obrador inform\u00f3 este martes que pidi\u00f3 a la vicepresidenta de Estados Unidos, Kamala Harris, un nuevo pr\u00e9stamo de AstraZeneca durante una reuni\u00f3n que tuvieron el viernes pasado.<\/p>\n\n\n\n<p>El titular de la SHCP enunci\u00f3 que M\u00e9xico tiene contratos por 250 millones de vacunas de diversos f\u00e1rmacos que servir\u00edan para 140 millones de personas, lo que significa que el pa\u00eds tiene &#8220;60 % m\u00e1s de las vacunas necesarias&#8221; para sus 92 millones de habitantes mayores de 60 a\u00f1os.<\/p>\n\n\n\n<p>De los f\u00e1rmacos contratados, M\u00e9xico envasa en sus plantas nacionales la china CanSino y la de AstraZeneca. Adem\u00e1s de un acuerdo que iniciar\u00eda en junio con la rusa Sputnik V.<\/p>\n\n\n\n<p>&#8220;El reto por el que justo estamos transitando ahorita es de contar con pocas vacunas y tener que ser muy selectivos de a qui\u00e9nes se les aplicas, que en unas cuantas semanas se va a traducir a un reto de tener pocos vacunadores&#8221;, argument\u00f3 Herrera.<\/p>\n\n\n\n<p>El Gobierno suministr\u00f3 hasta ahora m\u00e1s de 21,5 millones de dosis de vacunas, con 9,6 millones de personas con la inmunizaci\u00f3n completa. La poblaci\u00f3n meta ahora incluye a personal sanitario y educativo, embarazadas y adultos mayores de 50 a\u00f1os.<\/p>\n","protected":false},"excerpt":{"rendered":"<p>El Gobierno mexicano prev\u00e9 contar con el primer lote de vacunas de AstraZeneca envasado en una planta del pa\u00eds para el pr\u00f3ximo 24 de mayo, afirm\u00f3 este jueves el titular de la Secretar\u00eda de Hacienda y Cr\u00e9dito P\u00fablico (SHCP), Arturo Herrera, durante el evento &#8220;M\u00e9xico: La ruta hacia la recuperaci\u00f3n econ\u00f3mica&#8221; de la Americas Society\/Council [&hellip;]<\/p>\n","protected":false},"author":80,"featured_media":160543,"comment_status":"closed","ping_status":"open","sticky":false,"template":"","format":"standard","meta":{"footnotes":""},"categories":[15,36],"tags":[],"class_list":["post-163611","post","type-post","status-publish","format-standard","has-post-thumbnail","hentry","category-destacadas","category-nacion"],"_links":{"self":[{"href":"https:\/\/plazajuarez.mx\/historico\/wp-json\/wp\/v2\/posts\/163611","targetHints":{"allow":["GET"]}}],"collection":[{"href":"https:\/\/plazajuarez.mx\/historico\/wp-json\/wp\/v2\/posts"}],"about":[{"href":"https:\/\/plazajuarez.mx\/historico\/wp-json\/wp\/v2\/types\/post"}],"author":[{"embeddable":true,"href":"https:\/\/plazajuarez.mx\/historico\/wp-json\/wp\/v2\/users\/80"}],"replies":[{"embeddable":true,"href":"https:\/\/plazajuarez.mx\/historico\/wp-json\/wp\/v2\/comments?post=163611"}],"version-history":[{"count":0,"href":"https:\/\/plazajuarez.mx\/historico\/wp-json\/wp\/v2\/posts\/163611\/revisions"}],"wp:featuredmedia":[{"embeddable":true,"href":"https:\/\/plazajuarez.mx\/historico\/wp-json\/wp\/v2\/media\/160543"}],"wp:attachment":[{"href":"https:\/\/plazajuarez.mx\/historico\/wp-json\/wp\/v2\/media?parent=163611"}],"wp:term":[{"taxonomy":"category","embeddable":true,"href":"https:\/\/plazajuarez.mx\/historico\/wp-json\/wp\/v2\/categories?post=163611"},{"taxonomy":"post_tag","embeddable":true,"href":"https:\/\/plazajuarez.mx\/historico\/wp-json\/wp\/v2\/tags?post=163611"}],"curies":[{"name":"wp","href":"https:\/\/api.w.org\/{rel}","templated":true}]}}