{"id":163606,"date":"2021-05-13T14:47:33","date_gmt":"2021-05-13T19:47:33","guid":{"rendered":"https:\/\/plazajuarez.mx\/?p=163606"},"modified":"2021-05-13T14:47:49","modified_gmt":"2021-05-13T19:47:49","slug":"sostendra-marko-cortes-dos-reuniones-en-ixmiquilpan","status":"publish","type":"post","link":"https:\/\/plazajuarez.mx\/historico\/sostendra-marko-cortes-dos-reuniones-en-ixmiquilpan\/","title":{"rendered":"Sostendr\u00e1 Marko Cort\u00e9s dos reuniones en Ixmiquilpan"},"content":{"rendered":"\n<p><strong>Ixmiquilpan <br><\/strong><br>El presidente del PAN en M\u00e9xico, Marko Cort\u00e9s, realiza una visita a Ixmiquilpan, donde sostendr\u00e1 dos reuniones, una en Remedios con el candidato a presidente municipal, Edmundo Ram\u00edrez y con la militancia, con los candidatos a diputados local y federal.<\/p>\n\n\n\n<p>En Remedios, el equipo del candidato a presidente municipal, impidi\u00f3 el acceso a medios de comunicaci\u00f3n, bajo el argumento que no se consider\u00f3 la presencia de la prensa.<\/p>\n","protected":false},"excerpt":{"rendered":"<p>Ixmiquilpan El presidente del PAN en M\u00e9xico, Marko Cort\u00e9s, realiza una visita a Ixmiquilpan, donde sostendr\u00e1 dos reuniones, una en Remedios con el candidato a presidente municipal, Edmundo Ram\u00edrez y con la militancia, con los candidatos a diputados local y federal. En Remedios, el equipo del candidato a presidente municipal, impidi\u00f3 el acceso a medios [&hellip;]<\/p>\n","protected":false},"author":75,"featured_media":163607,"comment_status":"closed","ping_status":"open","sticky":false,"template":"","format":"standard","meta":{"footnotes":""},"categories":[2154,40],"tags":[],"class_list":["post-163606","post","type-post","status-publish","format-standard","has-post-thumbnail","hentry","category-elecciones21","category-region"],"_links":{"self":[{"href":"https:\/\/plazajuarez.mx\/historico\/wp-json\/wp\/v2\/posts\/163606","targetHints":{"allow":["GET"]}}],"collection":[{"href":"https:\/\/plazajuarez.mx\/historico\/wp-json\/wp\/v2\/posts"}],"about":[{"href":"https:\/\/plazajuarez.mx\/historico\/wp-json\/wp\/v2\/types\/post"}],"author":[{"embeddable":true,"href":"https:\/\/plazajuarez.mx\/historico\/wp-json\/wp\/v2\/users\/75"}],"replies":[{"embeddable":true,"href":"https:\/\/plazajuarez.mx\/historico\/wp-json\/wp\/v2\/comments?post=163606"}],"version-history":[{"count":0,"href":"https:\/\/plazajuarez.mx\/historico\/wp-json\/wp\/v2\/posts\/163606\/revisions"}],"wp:featuredmedia":[{"embeddable":true,"href":"https:\/\/plazajuarez.mx\/historico\/wp-json\/wp\/v2\/media\/163607"}],"wp:attachment":[{"href":"https:\/\/plazajuarez.mx\/historico\/wp-json\/wp\/v2\/media?parent=163606"}],"wp:term":[{"taxonomy":"category","embeddable":true,"href":"https:\/\/plazajuarez.mx\/historico\/wp-json\/wp\/v2\/categories?post=163606"},{"taxonomy":"post_tag","embeddable":true,"href":"https:\/\/plazajuarez.mx\/historico\/wp-json\/wp\/v2\/tags?post=163606"}],"curies":[{"name":"wp","href":"https:\/\/api.w.org\/{rel}","templated":true}]}}