{"id":163554,"date":"2021-05-13T11:18:56","date_gmt":"2021-05-13T16:18:56","guid":{"rendered":"https:\/\/plazajuarez.mx\/?p=163554"},"modified":"2021-05-13T11:19:33","modified_gmt":"2021-05-13T16:19:33","slug":"lopez-gatell-se-vacuna-contra-covid-19","status":"publish","type":"post","link":"https:\/\/plazajuarez.mx\/historico\/lopez-gatell-se-vacuna-contra-covid-19\/","title":{"rendered":"L\u00f3pez-Gatell se vacuna contra covid-19"},"content":{"rendered":"\n<p class=\"wp-block-paragraph\">El estratega del Gobierno mexicano contra la pandemia, el epidemi\u00f3logo Hugo L\u00f3pez-Gatell, se vacun\u00f3 contra la covid-19 este jueves con el f\u00e1rmaco de Pfizer en un centro de vacunaci\u00f3n p\u00fablico de la Ciudad de M\u00e9xico.<\/p>\n\n\n\n<p class=\"wp-block-paragraph\">&#8220;Hoy me aplicaron la primera dosis de la vacuna contra covid-19. Agradezco la calidad de la atenci\u00f3n de todo el personal que participa en las brigadas. Es grato constatar el sentido de unidad de la poblaci\u00f3n para que el Plan Nacional de Vacunaci\u00f3n se realice en orden&#8221;, expres\u00f3 en redes.<\/p>\n\n\n\n<p class=\"wp-block-paragraph\">L\u00f3pez-Gatell, de 52 a\u00f1os, acudi\u00f3 cerca de las 09.00 hora local (14.00 GMT) con sombrero, guayabera y cubrebocas a la Escuela Primaria Benito Ju\u00e1rez, en la colonia (barrio) Roma del centro de la capital, donde en pocos minutos recibi\u00f3 su primera dosis de la vacuna.<\/p>\n\n\n\n<p class=\"wp-block-paragraph\">En este mismo lugar se vacun\u00f3 el d\u00eda anterior Beatriz Guti\u00e9rrez M\u00fcller, de 52 a\u00f1os, esposa del presidente mexicano, Andr\u00e9s Manuel L\u00f3pez Obrador.<\/p>\n\n\n\n<p class=\"wp-block-paragraph\">M\u00e9xico comenz\u00f3 el pasado 3 de mayo a vacunar a los ciudadanos de entre 50 y 59 a\u00f1os, al tiempo que concluye la inmunizaci\u00f3n de personal m\u00e9dico, maestros y adultos mayores de 60 a\u00f1os.<\/p>\n\n\n\n<p class=\"wp-block-paragraph\">Tras vacunarse, L\u00f3pez-Gatell explic\u00f3 ante la prensa que el pa\u00eds encadena 17 semanas de reducci\u00f3n de contagios. &#8220;En t\u00e9rminos de la epidemia estamos como en abril de 2020, con la gran diferencia de que en vez de ir para arriba, vamos hacia abajo&#8221;, dijo.<\/p>\n\n\n\n<p class=\"wp-block-paragraph\">El subsecretario de Prevenci\u00f3n y Promoci\u00f3n de la Salud, encargado de la estrategia gubernamental desde que lleg\u00f3 el virus a M\u00e9xico, dio positivo por coronavirus en febrero pasado y estuvo unos d\u00edas hospitalizado con apoyo de ox\u00edgeno.<\/p>\n\n\n\n<p class=\"wp-block-paragraph\">L\u00f3pez-Gatell, conocido por sus ruedas de prensa diarias sobre la covid-19, ha sido criticado por llevar un estilo de vida diferente al que pregona para acabar con la pandemia.<\/p>\n\n\n\n<p class=\"wp-block-paragraph\">En enero pasado, estuvo de vacaciones en las playas del sure\u00f1o estado de Oaxaca, cuando el Gobierno no recomendaba viajar, y cuando estuvo enfermo por el coronavirus se le vio paseando por la calle sin cubrebocas.<\/p>\n\n\n\n<p class=\"wp-block-paragraph\">Con 219.000 muertos y 2,37 millones de contagios confirmados, M\u00e9xico es el cuarto pa\u00eds del mundo con m\u00e1s decesos, despu\u00e9s de Estados Unidos, Brasil y la India.<\/p>\n\n\n\n<p class=\"wp-block-paragraph\">Desde diciembre, se han aplicado 21,5 millones de vacunas de 5 laboratorios diferentes y 9,6 millones de personas han completado su esquema de vacunaci\u00f3n.<\/p>\n\n\n\n<p class=\"wp-block-paragraph\">L\u00f3pez Obrador, de 67 a\u00f1os y que se enferm\u00f3 de covid-19 en enero, recibi\u00f3 el 20 de abril la primera dosis de la vacuna de AstraZeneca durante su rueda de prensa matutina en el Palacio Nacional.<\/p>\n","protected":false},"excerpt":{"rendered":"<p>El estratega del Gobierno mexicano contra la pandemia, el epidemi\u00f3logo Hugo L\u00f3pez-Gatell, se vacun\u00f3 contra la covid-19 este jueves con el f\u00e1rmaco de Pfizer en un centro de vacunaci\u00f3n p\u00fablico de la Ciudad de M\u00e9xico. &#8220;Hoy me aplicaron la primera dosis de la vacuna contra covid-19. Agradezco la calidad de la atenci\u00f3n de todo el [&hellip;]<\/p>\n","protected":false},"author":80,"featured_media":163555,"comment_status":"closed","ping_status":"open","sticky":false,"template":"","format":"standard","meta":{"footnotes":""},"categories":[15,36],"tags":[],"class_list":["post-163554","post","type-post","status-publish","format-standard","has-post-thumbnail","hentry","category-destacadas","category-nacion"],"_links":{"self":[{"href":"https:\/\/plazajuarez.mx\/historico\/wp-json\/wp\/v2\/posts\/163554","targetHints":{"allow":["GET"]}}],"collection":[{"href":"https:\/\/plazajuarez.mx\/historico\/wp-json\/wp\/v2\/posts"}],"about":[{"href":"https:\/\/plazajuarez.mx\/historico\/wp-json\/wp\/v2\/types\/post"}],"author":[{"embeddable":true,"href":"https:\/\/plazajuarez.mx\/historico\/wp-json\/wp\/v2\/users\/80"}],"replies":[{"embeddable":true,"href":"https:\/\/plazajuarez.mx\/historico\/wp-json\/wp\/v2\/comments?post=163554"}],"version-history":[{"count":0,"href":"https:\/\/plazajuarez.mx\/historico\/wp-json\/wp\/v2\/posts\/163554\/revisions"}],"wp:featuredmedia":[{"embeddable":true,"href":"https:\/\/plazajuarez.mx\/historico\/wp-json\/wp\/v2\/media\/163555"}],"wp:attachment":[{"href":"https:\/\/plazajuarez.mx\/historico\/wp-json\/wp\/v2\/media?parent=163554"}],"wp:term":[{"taxonomy":"category","embeddable":true,"href":"https:\/\/plazajuarez.mx\/historico\/wp-json\/wp\/v2\/categories?post=163554"},{"taxonomy":"post_tag","embeddable":true,"href":"https:\/\/plazajuarez.mx\/historico\/wp-json\/wp\/v2\/tags?post=163554"}],"curies":[{"name":"wp","href":"https:\/\/api.w.org\/{rel}","templated":true}]}}