{"id":163425,"date":"2021-05-12T10:47:31","date_gmt":"2021-05-12T15:47:31","guid":{"rendered":"https:\/\/plazajuarez.mx\/?p=163425"},"modified":"2021-05-12T10:47:48","modified_gmt":"2021-05-12T15:47:48","slug":"apoyaremos-a-las-familias-de-apan-hernandez-arauz","status":"publish","type":"post","link":"https:\/\/plazajuarez.mx\/historico\/apoyaremos-a-las-familias-de-apan-hernandez-arauz\/","title":{"rendered":"Apoyaremos a las familias de Apan: Hern\u00e1ndez Arauz"},"content":{"rendered":"\n<p>\u201cPor medio de un impulso a la econom\u00eda local, nos comprometemos a apoyar a las familias apanenses\u201d, se\u00f1al\u00f3 Jorge Hern\u00e1ndez Arauz, candidato a la diputaci\u00f3n local del distrito local X de Apan, por la coalici\u00f3n \u201cJuntos Haremos Historia\u201d.<\/p>\n\n\n\n<p>En gira proselitista por el municipio de Apan, en candidato de la coalici\u00f3n \u201cJuntos Haremos Historia\u201d, present\u00f3 diversas propuestas, entre las que destacan el refuerzo y ampliaci\u00f3n de los apoyos sociales para incentivar la contrataci\u00f3n de distintos grupos y al mismo tiempo, vigilar que los ingresos para j\u00f3venes mujeres y adultos mayores sean justos e igualitarios.<\/p>\n\n\n\n<p>Jorge Hern\u00e1ndez Arauz dijo a los vecinos que es necesario que, desde el Congreso del Estado, se motive la generaci\u00f3n de empleos y que estos cuenten salarios dignos para todos los jefes de hogar.<\/p>\n\n\n\n<p>Dijo que legislar\u00e1 en el \u00e1mbito de la ciencia, tecnolog\u00eda e innovaci\u00f3n aplicada al rubro agropecuario para apoyar a los campesinos y agricultores del distrito.<\/p>\n\n\n\n<p>Mencion\u00f3 que, ante los nuevos retos, como legislador local, impulsar\u00e1 propuestas novedosas y audaces cumpliendo y trayendo resultados, garantizando el bienestar de la poblaci\u00f3n.<\/p>\n","protected":false},"excerpt":{"rendered":"<p>\u201cPor medio de un impulso a la econom\u00eda local, nos comprometemos a apoyar a las familias apanenses\u201d, se\u00f1al\u00f3 Jorge Hern\u00e1ndez Arauz, candidato a la diputaci\u00f3n local del distrito local X de Apan, por la coalici\u00f3n \u201cJuntos Haremos Historia\u201d. En gira proselitista por el municipio de Apan, en candidato de la coalici\u00f3n \u201cJuntos Haremos Historia\u201d, present\u00f3 [&hellip;]<\/p>\n","protected":false},"author":69,"featured_media":163429,"comment_status":"closed","ping_status":"open","sticky":false,"template":"","format":"standard","meta":{"footnotes":""},"categories":[40],"tags":[],"class_list":["post-163425","post","type-post","status-publish","format-standard","has-post-thumbnail","hentry","category-region"],"_links":{"self":[{"href":"https:\/\/plazajuarez.mx\/historico\/wp-json\/wp\/v2\/posts\/163425","targetHints":{"allow":["GET"]}}],"collection":[{"href":"https:\/\/plazajuarez.mx\/historico\/wp-json\/wp\/v2\/posts"}],"about":[{"href":"https:\/\/plazajuarez.mx\/historico\/wp-json\/wp\/v2\/types\/post"}],"author":[{"embeddable":true,"href":"https:\/\/plazajuarez.mx\/historico\/wp-json\/wp\/v2\/users\/69"}],"replies":[{"embeddable":true,"href":"https:\/\/plazajuarez.mx\/historico\/wp-json\/wp\/v2\/comments?post=163425"}],"version-history":[{"count":0,"href":"https:\/\/plazajuarez.mx\/historico\/wp-json\/wp\/v2\/posts\/163425\/revisions"}],"wp:featuredmedia":[{"embeddable":true,"href":"https:\/\/plazajuarez.mx\/historico\/wp-json\/wp\/v2\/media\/163429"}],"wp:attachment":[{"href":"https:\/\/plazajuarez.mx\/historico\/wp-json\/wp\/v2\/media?parent=163425"}],"wp:term":[{"taxonomy":"category","embeddable":true,"href":"https:\/\/plazajuarez.mx\/historico\/wp-json\/wp\/v2\/categories?post=163425"},{"taxonomy":"post_tag","embeddable":true,"href":"https:\/\/plazajuarez.mx\/historico\/wp-json\/wp\/v2\/tags?post=163425"}],"curies":[{"name":"wp","href":"https:\/\/api.w.org\/{rel}","templated":true}]}}