{"id":163114,"date":"2021-05-10T07:36:17","date_gmt":"2021-05-10T12:36:17","guid":{"rendered":"https:\/\/plazajuarez.mx\/?p=163114"},"modified":"2021-05-10T07:36:34","modified_gmt":"2021-05-10T12:36:34","slug":"dia-de-la-madre-por-que-las-demas-si-y-yo-no","status":"publish","type":"post","link":"https:\/\/plazajuarez.mx\/historico\/dia-de-la-madre-por-que-las-demas-si-y-yo-no\/","title":{"rendered":"D\u00cdA DE LA MADRE | \u00bfPor qu\u00e9 las dem\u00e1s s\u00ed y yo no?"},"content":{"rendered":"\n<p>Miriam Trejo supo desde peque\u00f1a que quer\u00eda ser madre, cuando jugaba a que sus mu\u00f1ecas eran sus hijas y las ten\u00eda que cuidar. Sus mu\u00f1ecas ten\u00edan nombre, pero ahora; a sus 52 a\u00f1os; ya no se acuerda cu\u00e1les les hab\u00eda asignado. Aprendi\u00f3 a cuidarlas a trav\u00e9s de sus t\u00edas y su hermana mayor y fue desde ah\u00ed que creci\u00f3 con esa \u201cilusi\u00f3n de ser mam\u00e1\u201d<\/p>\n\n\n\n<p>Aunque a\u00f1oraba la maternidad, tambi\u00e9n le daba miedo: \u201cmiedo al dolor del parto, miedo a ser mam\u00e1\u201d, pues hab\u00eda visto como sus amigas sufr\u00edan al pasar por ello. A los 19 a\u00f1os se cas\u00f3 y ocho meses despu\u00e9s descubri\u00f3 que estaba embarazada. El doctor del Seguro, con quien acud\u00eda a consulta, le dijo que \u201ctodo estaba normal\u201d, pero algo no iba bien, su vientre no se mov\u00eda ni tampoco crec\u00eda.<\/p>\n\n\n\n<p>La placenta se hab\u00eda hecho vieja, ese fue el veredicto que le dio la Doctora Victoria Arreola, del Sanatorio Santa Mar\u00eda, luego de mandar a hacerle un ultrasonido, en una \u00e9poca donde apenas iniciaban estos. La ginec\u00f3loga la envi\u00f3 a Perinatolog\u00eda, una cl\u00ednica en la ciudad de M\u00e9xico que atend\u00eda embarazos de alto riesgo y donde se ten\u00eda la esperanza de alimentar al beb\u00e9 a trav\u00e9s de un aparato.<\/p>\n\n\n\n<p>En el lugar le inyectaron suero, porque carec\u00eda de l\u00edquido: \u201chas de cuenta que trae su bolsa de agua y el m\u00edo ya no ten\u00eda agua, estaba seca, por eso nunca sent\u00ed un movimiento del beb\u00e9. Me inyectaron suero para que tuviera l\u00edquido, pero ya no le hizo nada, ya no.\u201d El beb\u00e9 estaba muerto y con ocho meses dentro de ella, la obligaron a parir de forma natural, en una labor que dur\u00f3 un d\u00eda y medio, bajo la excusa de que: \u201cpara qu\u00e9 una ces\u00e1rea si no iba a tener beb\u00e9\u201d; de esta forma, aunado al dolor del parto, Miriam sali\u00f3 del hospital con el dolor de no llevar un beb\u00e9 entre sus brazos.&nbsp;<\/p>\n\n\n\n<p>La explicaci\u00f3n que le dieron fue que ten\u00eda Toxoplasma gondii: \u201cesa enfermedad es un par\u00e1sito de gato y yo tambi\u00e9n lo ten\u00eda, no s\u00e9 por qu\u00e9\u201d y que este le hab\u00eda robado los nutrientes a la placenta evitando el desarrollo del beb\u00e9. La esperanza de poder tener un hijo sigui\u00f3 y cuatro meses despu\u00e9s volvi\u00f3 a embarazarse, pero le ocurri\u00f3 lo mismo; a las pocas semanas se le vino un sangrado y tuvieron que hacerle un legrado. No dejaba de preguntarse \u201c\u00bfPor qu\u00e9 las dem\u00e1s s\u00ed y yo no?\u201d Despu\u00e9s de ello, inici\u00f3 un tratamiento.<\/p>\n\n\n\n<p>Cuando finaliz\u00f3 este, el doctor le dijo que ya se pod\u00eda embarazar sin ning\u00fan miedo, y que no le pasar\u00eda lo mismo, pero ella no pod\u00eda evitar sentirse asustada, ya no quer\u00eda pasar por la p\u00e9rdida de nuevo. Consult\u00f3 a m\u00e1s m\u00e9dicos para estar segura y todos le dijeron lo mismo, ya no habr\u00eda ning\u00fan problema. Un d\u00eda, mientras caminaba en la calle tuvo un mareo muy fuerte y algo se movi\u00f3 dentro de ella, ah\u00ed se dio cuenta de que estaba embarazada: \u201cy ya, gracias a Dios est\u00e1 mi hijo que ahora ya tiene 28 a\u00f1os, va a cumplir 29\u201d explica Miriam. Seis a\u00f1os despu\u00e9s, tuvo una ni\u00f1a que ahora tiene 23 a\u00f1os.<\/p>\n\n\n\n<p>Miriam, que actualmente es ama de casa y comerciante \u201cpor ratos\u201d, cumpli\u00f3 su sue\u00f1o de ser madre, ambos partos fueron por ces\u00e1rea y en el segundo ya no ten\u00eda tanto miedo, no se arrepiente de nada, considera que la maternidad no es f\u00e1cil y est\u00e1 orgullosa de sus hijos: \u201cMe siento orgullosa de mis hijos, de los dos, para mi es el regalo m\u00e1s grande que Dios me dio junto con&nbsp; otros dos adoptivos que tengo por ah\u00ed\u201d, dice refiri\u00e9ndose a sus sobrinos.<\/p>\n\n\n\n<p><\/p>\n","protected":false},"excerpt":{"rendered":"<p>Miriam Trejo supo desde peque\u00f1a que quer\u00eda ser madre, cuando jugaba a que sus mu\u00f1ecas eran sus hijas y las ten\u00eda que cuidar. Sus mu\u00f1ecas ten\u00edan nombre, pero ahora; a sus 52 a\u00f1os; ya no se acuerda cu\u00e1les les hab\u00eda asignado. Aprendi\u00f3 a cuidarlas a trav\u00e9s de sus t\u00edas y su hermana mayor y fue [&hellip;]<\/p>\n","protected":false},"author":101,"featured_media":163115,"comment_status":"closed","ping_status":"open","sticky":false,"template":"","format":"standard","meta":{"footnotes":""},"categories":[15,59],"tags":[],"class_list":["post-163114","post","type-post","status-publish","format-standard","has-post-thumbnail","hentry","category-destacadas","category-general"],"_links":{"self":[{"href":"https:\/\/plazajuarez.mx\/historico\/wp-json\/wp\/v2\/posts\/163114","targetHints":{"allow":["GET"]}}],"collection":[{"href":"https:\/\/plazajuarez.mx\/historico\/wp-json\/wp\/v2\/posts"}],"about":[{"href":"https:\/\/plazajuarez.mx\/historico\/wp-json\/wp\/v2\/types\/post"}],"author":[{"embeddable":true,"href":"https:\/\/plazajuarez.mx\/historico\/wp-json\/wp\/v2\/users\/101"}],"replies":[{"embeddable":true,"href":"https:\/\/plazajuarez.mx\/historico\/wp-json\/wp\/v2\/comments?post=163114"}],"version-history":[{"count":0,"href":"https:\/\/plazajuarez.mx\/historico\/wp-json\/wp\/v2\/posts\/163114\/revisions"}],"wp:featuredmedia":[{"embeddable":true,"href":"https:\/\/plazajuarez.mx\/historico\/wp-json\/wp\/v2\/media\/163115"}],"wp:attachment":[{"href":"https:\/\/plazajuarez.mx\/historico\/wp-json\/wp\/v2\/media?parent=163114"}],"wp:term":[{"taxonomy":"category","embeddable":true,"href":"https:\/\/plazajuarez.mx\/historico\/wp-json\/wp\/v2\/categories?post=163114"},{"taxonomy":"post_tag","embeddable":true,"href":"https:\/\/plazajuarez.mx\/historico\/wp-json\/wp\/v2\/tags?post=163114"}],"curies":[{"name":"wp","href":"https:\/\/api.w.org\/{rel}","templated":true}]}}