{"id":162977,"date":"2021-05-07T19:51:17","date_gmt":"2021-05-08T00:51:17","guid":{"rendered":"https:\/\/plazajuarez.mx\/?p=162977"},"modified":"2021-05-07T19:51:31","modified_gmt":"2021-05-08T00:51:31","slug":"sayonara-aliada-de-mujeres-de-sierra-y-huasteca","status":"publish","type":"post","link":"https:\/\/plazajuarez.mx\/historico\/sayonara-aliada-de-mujeres-de-sierra-y-huasteca\/","title":{"rendered":"Sayonara, aliada de mujeres de Sierra y Huasteca"},"content":{"rendered":"\n<p><strong>Huejutla<\/strong><\/p>\n\n\n\n<p>\u201cVoy a trabajar para que las autoridades puedan contar con un padr\u00f3n de agresores y hacer valer la ley, que muchas veces brilla por su ausencia\u201d, manifest\u00f3 Sayonara Vargas Rodr\u00edguez al dirigirse a multitudinaria asistencia en la colonia Parque de Poblamiento Huejutla, uno de los sectores m\u00e1s amplios de esta cabecera distrital.<\/p>\n\n\n\n<p>La candidata a la diputaci\u00f3n federal por el Distrito I de la coalici\u00f3n <em>Va por M\u00e9xico<\/em>, se pronunci\u00f3 en contra de quienes utilizan las redes sociales para denostar a otras personas y alert\u00f3 a las mujeres a cuidarse, a denunciar y hacer p\u00fablicas las evidencias de agresiones en su contra. \u201cHay muchas lagunas legales sobre las cuales hay que legislar\u201d, expres\u00f3 ante el aplauso de los presentes.<\/p>\n\n\n\n<p>\u201cNo le tengo miedo a la cr\u00edtica, ni al debate de ideas, ni a hacerle frente a alguien que miente y desenmascarar; no tengo miedo porque s\u00e9 que tengo a las mujeres conmigo, porque s\u00e9 que tengo a la gente de Huejutla de mi lado y s\u00e9 que tengo la sangre y la fuerza para luchar por todos ustedes\u201d, advirti\u00f3, enf\u00e1tica, Sayonara Vargas.<\/p>\n","protected":false},"excerpt":{"rendered":"<p>Huejutla \u201cVoy a trabajar para que las autoridades puedan contar con un padr\u00f3n de agresores y hacer valer la ley, que muchas veces brilla por su ausencia\u201d, manifest\u00f3 Sayonara Vargas Rodr\u00edguez al dirigirse a multitudinaria asistencia en la colonia Parque de Poblamiento Huejutla, uno de los sectores m\u00e1s amplios de esta cabecera distrital. La candidata [&hellip;]<\/p>\n","protected":false},"author":93,"featured_media":162978,"comment_status":"closed","ping_status":"open","sticky":false,"template":"","format":"standard","meta":{"footnotes":""},"categories":[40],"tags":[],"class_list":["post-162977","post","type-post","status-publish","format-standard","has-post-thumbnail","hentry","category-region"],"_links":{"self":[{"href":"https:\/\/plazajuarez.mx\/historico\/wp-json\/wp\/v2\/posts\/162977","targetHints":{"allow":["GET"]}}],"collection":[{"href":"https:\/\/plazajuarez.mx\/historico\/wp-json\/wp\/v2\/posts"}],"about":[{"href":"https:\/\/plazajuarez.mx\/historico\/wp-json\/wp\/v2\/types\/post"}],"author":[{"embeddable":true,"href":"https:\/\/plazajuarez.mx\/historico\/wp-json\/wp\/v2\/users\/93"}],"replies":[{"embeddable":true,"href":"https:\/\/plazajuarez.mx\/historico\/wp-json\/wp\/v2\/comments?post=162977"}],"version-history":[{"count":0,"href":"https:\/\/plazajuarez.mx\/historico\/wp-json\/wp\/v2\/posts\/162977\/revisions"}],"wp:featuredmedia":[{"embeddable":true,"href":"https:\/\/plazajuarez.mx\/historico\/wp-json\/wp\/v2\/media\/162978"}],"wp:attachment":[{"href":"https:\/\/plazajuarez.mx\/historico\/wp-json\/wp\/v2\/media?parent=162977"}],"wp:term":[{"taxonomy":"category","embeddable":true,"href":"https:\/\/plazajuarez.mx\/historico\/wp-json\/wp\/v2\/categories?post=162977"},{"taxonomy":"post_tag","embeddable":true,"href":"https:\/\/plazajuarez.mx\/historico\/wp-json\/wp\/v2\/tags?post=162977"}],"curies":[{"name":"wp","href":"https:\/\/api.w.org\/{rel}","templated":true}]}}