{"id":162903,"date":"2021-05-07T06:00:00","date_gmt":"2021-05-07T11:00:00","guid":{"rendered":"https:\/\/plazajuarez.mx\/?p=162903"},"modified":"2021-05-07T11:11:24","modified_gmt":"2021-05-07T16:11:24","slug":"no-vamos-a-permitir-que-llegue-uber-a-hidalgo","status":"publish","type":"post","link":"https:\/\/plazajuarez.mx\/historico\/no-vamos-a-permitir-que-llegue-uber-a-hidalgo\/","title":{"rendered":"\u201cNo vamos a permitir que llegue Uber a Hidalgo\u201d"},"content":{"rendered":"\n<p class=\"wp-block-paragraph\">En reuni\u00f3n con organizaciones transportistas, el candidato a diputado federal por el distrito VII de Tepeapulco de la coalici\u00f3n Va por M\u00e9xico, H\u00e9ctor Meneses, asegur\u00f3 que no permitir\u00e1 que llegue a Hidalgo la empresa de transporte privado Uber.<\/p>\n\n\n\n<p class=\"wp-block-paragraph\">Indic\u00f3 que los taxistas en la entidad han cumplido con todos los requisitos establecidos por la Secretar\u00eda de Movilidad y Transporte (Semot) para poder operar y trabajar sus unidades.<\/p>\n\n\n\n<p class=\"wp-block-paragraph\">Se comprometi\u00f3 con los transportistas a trabajar una vez que llegue al Congreso de la Uni\u00f3n tras el triunfo en los comicios, \u201cmi compromiso es de trabajar, creo tener la capacidad y la experiencia, pero sobre todo las ganas de estar all\u00e1 y defender lo que nos han quitado\u201d.<\/p>\n\n\n\n<p class=\"wp-block-paragraph\">Puntualiz\u00f3 que defender\u00e1 los presupuestos desde San L\u00e1zaro y se invierta primero en la salud, \u201cpara qu\u00e9 queremos otra cosa si hoy no tenemos salud, es lamentable lo que ha sucedido en nuestro pa\u00eds\u201d.<\/p>\n\n\n\n<p class=\"wp-block-paragraph\">Mencion\u00f3 que por la falta de la pol\u00edtica en materia de salud hoy la econom\u00eda de M\u00e9xico est\u00e1 totalmente deca\u00edda y se est\u00e1n viendo las consecuencias a lo largo y ancho del pa\u00eds.<\/p>\n\n\n\n<p class=\"wp-block-paragraph\">Se\u00f1al\u00f3 que la alianza Va por M\u00e9xico busca un pa\u00eds de instituciones que le permita a las personas trabajar y prosperar.&nbsp;<\/p>\n","protected":false},"excerpt":{"rendered":"<p>En reuni\u00f3n con organizaciones transportistas, el candidato a diputado federal por el distrito VII de Tepeapulco de la coalici\u00f3n Va por M\u00e9xico, H\u00e9ctor Meneses, asegur\u00f3 que no permitir\u00e1 que llegue a Hidalgo la empresa de transporte privado Uber. Indic\u00f3 que los taxistas en la entidad han cumplido con todos los requisitos establecidos por la Secretar\u00eda [&hellip;]<\/p>\n","protected":false},"author":93,"featured_media":162906,"comment_status":"closed","ping_status":"open","sticky":false,"template":"","format":"standard","meta":{"footnotes":""},"categories":[40],"tags":[],"class_list":["post-162903","post","type-post","status-publish","format-standard","has-post-thumbnail","hentry","category-region"],"_links":{"self":[{"href":"https:\/\/plazajuarez.mx\/historico\/wp-json\/wp\/v2\/posts\/162903","targetHints":{"allow":["GET"]}}],"collection":[{"href":"https:\/\/plazajuarez.mx\/historico\/wp-json\/wp\/v2\/posts"}],"about":[{"href":"https:\/\/plazajuarez.mx\/historico\/wp-json\/wp\/v2\/types\/post"}],"author":[{"embeddable":true,"href":"https:\/\/plazajuarez.mx\/historico\/wp-json\/wp\/v2\/users\/93"}],"replies":[{"embeddable":true,"href":"https:\/\/plazajuarez.mx\/historico\/wp-json\/wp\/v2\/comments?post=162903"}],"version-history":[{"count":0,"href":"https:\/\/plazajuarez.mx\/historico\/wp-json\/wp\/v2\/posts\/162903\/revisions"}],"wp:featuredmedia":[{"embeddable":true,"href":"https:\/\/plazajuarez.mx\/historico\/wp-json\/wp\/v2\/media\/162906"}],"wp:attachment":[{"href":"https:\/\/plazajuarez.mx\/historico\/wp-json\/wp\/v2\/media?parent=162903"}],"wp:term":[{"taxonomy":"category","embeddable":true,"href":"https:\/\/plazajuarez.mx\/historico\/wp-json\/wp\/v2\/categories?post=162903"},{"taxonomy":"post_tag","embeddable":true,"href":"https:\/\/plazajuarez.mx\/historico\/wp-json\/wp\/v2\/tags?post=162903"}],"curies":[{"name":"wp","href":"https:\/\/api.w.org\/{rel}","templated":true}]}}