{"id":162902,"date":"2021-05-07T06:00:00","date_gmt":"2021-05-07T11:00:00","guid":{"rendered":"https:\/\/plazajuarez.mx\/?p=162902"},"modified":"2021-05-07T11:10:47","modified_gmt":"2021-05-07T16:10:47","slug":"rodrigo-fragoso-buscara-fortalecer-becas-a-estudiantes","status":"publish","type":"post","link":"https:\/\/plazajuarez.mx\/historico\/rodrigo-fragoso-buscara-fortalecer-becas-a-estudiantes\/","title":{"rendered":"Rodrigo Fragoso buscar\u00e1 fortalecer becas a estudiantes"},"content":{"rendered":"\n<p class=\"wp-block-paragraph\">Rodrigo Fragoso Marroqu\u00edn, candidato a diputado local por el Distrito XI, visit\u00f3 la colonia Napateco, dejando en claro, que su principal inter\u00e9s, es recuperar el municipio productivo y de renombre que forjaron las generaciones pasadas.<\/p>\n\n\n\n<p class=\"wp-block-paragraph\">\u201cHoy nuestros hijos y nuestros nietos, son precisamente, lo que nos tiene que mover para salir a votar el 6 de junio. Esta coalici\u00f3n tiene sentido y tiene rumbo. Porque es una coalici\u00f3n bien pensada, que nace desde la base de toda militancia y que esta militancia, es sin duda, el garante de esta elecci\u00f3n\u201d.<\/p>\n\n\n\n<p class=\"wp-block-paragraph\">El aspirante a la diputaci\u00f3n local se\u00f1al\u00f3 que no es producto de la casualidad, que una de sus principales propuestas es buscar el incremento de recursos para el fortalecimiento de becas estudiantiles, porque los j\u00f3venes de Tulancingo merecen que se les apoye en su formaci\u00f3n acad\u00e9mica.<\/p>\n\n\n\n<p class=\"wp-block-paragraph\">Enfatiz\u00f3 que tanto \u00e9l, como su compa\u00f1ero de f\u00f3rmula, responder\u00e1n a la confianza depositada en ellos, para encabezar la coalici\u00f3n <em>Va por Hidalgo<\/em>.&nbsp;<\/p>\n","protected":false},"excerpt":{"rendered":"<p>Rodrigo Fragoso Marroqu\u00edn, candidato a diputado local por el Distrito XI, visit\u00f3 la colonia Napateco, dejando en claro, que su principal inter\u00e9s, es recuperar el municipio productivo y de renombre que forjaron las generaciones pasadas. \u201cHoy nuestros hijos y nuestros nietos, son precisamente, lo que nos tiene que mover para salir a votar el 6 [&hellip;]<\/p>\n","protected":false},"author":93,"featured_media":162905,"comment_status":"closed","ping_status":"open","sticky":false,"template":"","format":"standard","meta":{"footnotes":""},"categories":[40],"tags":[],"class_list":["post-162902","post","type-post","status-publish","format-standard","has-post-thumbnail","hentry","category-region"],"_links":{"self":[{"href":"https:\/\/plazajuarez.mx\/historico\/wp-json\/wp\/v2\/posts\/162902","targetHints":{"allow":["GET"]}}],"collection":[{"href":"https:\/\/plazajuarez.mx\/historico\/wp-json\/wp\/v2\/posts"}],"about":[{"href":"https:\/\/plazajuarez.mx\/historico\/wp-json\/wp\/v2\/types\/post"}],"author":[{"embeddable":true,"href":"https:\/\/plazajuarez.mx\/historico\/wp-json\/wp\/v2\/users\/93"}],"replies":[{"embeddable":true,"href":"https:\/\/plazajuarez.mx\/historico\/wp-json\/wp\/v2\/comments?post=162902"}],"version-history":[{"count":0,"href":"https:\/\/plazajuarez.mx\/historico\/wp-json\/wp\/v2\/posts\/162902\/revisions"}],"wp:featuredmedia":[{"embeddable":true,"href":"https:\/\/plazajuarez.mx\/historico\/wp-json\/wp\/v2\/media\/162905"}],"wp:attachment":[{"href":"https:\/\/plazajuarez.mx\/historico\/wp-json\/wp\/v2\/media?parent=162902"}],"wp:term":[{"taxonomy":"category","embeddable":true,"href":"https:\/\/plazajuarez.mx\/historico\/wp-json\/wp\/v2\/categories?post=162902"},{"taxonomy":"post_tag","embeddable":true,"href":"https:\/\/plazajuarez.mx\/historico\/wp-json\/wp\/v2\/tags?post=162902"}],"curies":[{"name":"wp","href":"https:\/\/api.w.org\/{rel}","templated":true}]}}