{"id":162857,"date":"2021-05-07T09:18:07","date_gmt":"2021-05-07T14:18:07","guid":{"rendered":"https:\/\/plazajuarez.mx\/?p=162857"},"modified":"2021-05-07T09:18:16","modified_gmt":"2021-05-07T14:18:16","slug":"golpean-a-policias-dos-graves-y-detienen-a-tres-en-el-primero-de-mayo","status":"publish","type":"post","link":"https:\/\/plazajuarez.mx\/historico\/golpean-a-policias-dos-graves-y-detienen-a-tres-en-el-primero-de-mayo\/","title":{"rendered":"Golpean a polic\u00edas, dos graves y detienen a tres en el Primero de mayo"},"content":{"rendered":"\n<p class=\"wp-block-paragraph\">Con fractura de cr\u00e1neo resultaron dos elementos de la Polic\u00eda Municipal de Pachuca, quienes la tarde de ayer habr\u00edan sido golpeados inmisericordemente por comerciantes ambulantes del mercado Primero de Mayo de Pachuca, donde tres de los presuntos agresores fueron detenidos por los guardianes de la ley.<\/p>\n\n\n\n<p class=\"wp-block-paragraph\">La agresi\u00f3n se registr\u00f3 en la calle Riva Palacio, esquina con Morelos, a un costado del mercado Primero de Mayo, donde los polic\u00edas realizaban un operativo.<\/p>\n\n\n\n<p class=\"wp-block-paragraph\">Se sabe que los individuos sorprendieron a los oficiales, para bajarlos de la patrulla y propinarles severa golpiza, adem\u00e1s de que luego de tirarlos, los patearon en repetidas ocasiones en cabeza y rostro, lo que les habr\u00eda provocado traumatismo de cr\u00e1neo.<\/p>\n\n\n\n<p class=\"wp-block-paragraph\">Los polic\u00edas, Eduardo \u201cP\u201d y \u201cRay\u201d, adscritos a la direcci\u00f3n de Polic\u00eda Preventiva, fueron asistidos por socorristas de la Cruz Roja, pero por el estado grave que presentaron se les traslad\u00f3 en una ambulancia a un hospital pachuque\u00f1o.<\/p>\n\n\n\n<p class=\"wp-block-paragraph\">El ataque a los municipales gener\u00f3 un operativo polic\u00edaco, mediante el cual se logr\u00f3 la detenci\u00f3n de tres individuos por estar relacionados con la agresi\u00f3n a los uniformados.<\/p>\n\n\n\n<p class=\"wp-block-paragraph\">Dos de las detenciones se hicieron efectivas en el mercado Miguel Hidalgo, y la tercera se concret\u00f3 en un estacionamiento de la calle Venustiano Carranza, casi frente al mercado Benito Ju\u00e1rez, ppor lo que se les traslado al \u00e1rea de retenci\u00f3n primaria y de manera inmediata fueron puestos a disposici\u00f3n del Ministerio P\u00fablico.<\/p>\n","protected":false},"excerpt":{"rendered":"<p>Con fractura de cr\u00e1neo resultaron dos elementos de la Polic\u00eda Municipal de Pachuca, quienes la tarde de ayer habr\u00edan sido golpeados inmisericordemente por comerciantes ambulantes del mercado Primero de Mayo de Pachuca, donde tres de los presuntos agresores fueron detenidos por los guardianes de la ley. La agresi\u00f3n se registr\u00f3 en la calle Riva Palacio, [&hellip;]<\/p>\n","protected":false},"author":93,"featured_media":162858,"comment_status":"closed","ping_status":"open","sticky":false,"template":"","format":"standard","meta":{"footnotes":""},"categories":[37],"tags":[],"class_list":["post-162857","post","type-post","status-publish","format-standard","has-post-thumbnail","hentry","category-barandilla"],"_links":{"self":[{"href":"https:\/\/plazajuarez.mx\/historico\/wp-json\/wp\/v2\/posts\/162857","targetHints":{"allow":["GET"]}}],"collection":[{"href":"https:\/\/plazajuarez.mx\/historico\/wp-json\/wp\/v2\/posts"}],"about":[{"href":"https:\/\/plazajuarez.mx\/historico\/wp-json\/wp\/v2\/types\/post"}],"author":[{"embeddable":true,"href":"https:\/\/plazajuarez.mx\/historico\/wp-json\/wp\/v2\/users\/93"}],"replies":[{"embeddable":true,"href":"https:\/\/plazajuarez.mx\/historico\/wp-json\/wp\/v2\/comments?post=162857"}],"version-history":[{"count":0,"href":"https:\/\/plazajuarez.mx\/historico\/wp-json\/wp\/v2\/posts\/162857\/revisions"}],"wp:featuredmedia":[{"embeddable":true,"href":"https:\/\/plazajuarez.mx\/historico\/wp-json\/wp\/v2\/media\/162858"}],"wp:attachment":[{"href":"https:\/\/plazajuarez.mx\/historico\/wp-json\/wp\/v2\/media?parent=162857"}],"wp:term":[{"taxonomy":"category","embeddable":true,"href":"https:\/\/plazajuarez.mx\/historico\/wp-json\/wp\/v2\/categories?post=162857"},{"taxonomy":"post_tag","embeddable":true,"href":"https:\/\/plazajuarez.mx\/historico\/wp-json\/wp\/v2\/tags?post=162857"}],"curies":[{"name":"wp","href":"https:\/\/api.w.org\/{rel}","templated":true}]}}