{"id":162853,"date":"2021-05-07T09:16:37","date_gmt":"2021-05-07T14:16:37","guid":{"rendered":"https:\/\/plazajuarez.mx\/?p=162853"},"modified":"2021-05-07T09:17:00","modified_gmt":"2021-05-07T14:17:00","slug":"atraparon-a-uno-con-huachicol-y-a-otro-con-un-arma-de-fuego","status":"publish","type":"post","link":"https:\/\/plazajuarez.mx\/historico\/atraparon-a-uno-con-huachicol-y-a-otro-con-un-arma-de-fuego\/","title":{"rendered":"Atraparon a uno con huachicol y a otro con un arma de fuego"},"content":{"rendered":"\n<p class=\"wp-block-paragraph\">Ayer se dio a conocer que dos individuos fueron asegurados por agentes de la Secretar\u00eda de Seguridad P\u00fablica de Hidalgo, en los municipios de Cuautepec y La Misi\u00f3n por su relaci\u00f3n con hechos posiblemente constitutivos de delito.<\/p>\n\n\n\n<p class=\"wp-block-paragraph\">En labores de vigilancia y patrullaje en la comunidad de Hueyapita, Cuautepec, oficiales estatales intervinieron a un individuo que transportaba contenedores con hidrocarburo en un veh\u00edculo Nissan Tsuru, color blanco, con placas del Estado de M\u00e9xico.<\/p>\n\n\n\n<p class=\"wp-block-paragraph\">En resguardo de la Fiscal\u00eda General de la Rep\u00fablica, mediante su representaci\u00f3n en Hidalgo, quedaron el hombre que se identific\u00f3 como J.C.C.M., de 42 a\u00f1os, autom\u00f3vil y combustible, relacionados con la carpeta de investigaci\u00f3n correspondiente.<\/p>\n\n\n\n<p class=\"wp-block-paragraph\">En tanto, en la Sierra de Hidalgo, elementos de la Polic\u00eda Estatal detuvieron a un hombre que portaba un arma de fuego calibre 9 mil\u00edmetros, abastecida con 6 cartuchos \u00fatiles. Fue detectado a bordo de una camioneta Ford Ranger, color blanco, con placas de Hidalgo.<\/p>\n\n\n\n<p class=\"wp-block-paragraph\">La intervenci\u00f3n de quien se identific\u00f3 con el nombre con iniciales A.M.M., de 36 a\u00f1os, se registr\u00f3 en la carretera M\u00e9xico-Laredo, en el lugar conocido como Puerto de Piedra, municipio de La Misi\u00f3n.<\/p>\n\n\n\n<p class=\"wp-block-paragraph\">La Secretar\u00eda de Seguridad P\u00fablica de Hidalgo reitera el llamado a la ciudadan\u00eda para contribuir con estas acciones, realizando reportes mediante el 911 de Emergencias y\/o 089 para Denuncia An\u00f3nima.<\/p>\n","protected":false},"excerpt":{"rendered":"<p>Ayer se dio a conocer que dos individuos fueron asegurados por agentes de la Secretar\u00eda de Seguridad P\u00fablica de Hidalgo, en los municipios de Cuautepec y La Misi\u00f3n por su relaci\u00f3n con hechos posiblemente constitutivos de delito. En labores de vigilancia y patrullaje en la comunidad de Hueyapita, Cuautepec, oficiales estatales intervinieron a un individuo [&hellip;]<\/p>\n","protected":false},"author":93,"featured_media":162854,"comment_status":"closed","ping_status":"open","sticky":false,"template":"","format":"standard","meta":{"footnotes":""},"categories":[37],"tags":[],"class_list":["post-162853","post","type-post","status-publish","format-standard","has-post-thumbnail","hentry","category-barandilla"],"_links":{"self":[{"href":"https:\/\/plazajuarez.mx\/historico\/wp-json\/wp\/v2\/posts\/162853","targetHints":{"allow":["GET"]}}],"collection":[{"href":"https:\/\/plazajuarez.mx\/historico\/wp-json\/wp\/v2\/posts"}],"about":[{"href":"https:\/\/plazajuarez.mx\/historico\/wp-json\/wp\/v2\/types\/post"}],"author":[{"embeddable":true,"href":"https:\/\/plazajuarez.mx\/historico\/wp-json\/wp\/v2\/users\/93"}],"replies":[{"embeddable":true,"href":"https:\/\/plazajuarez.mx\/historico\/wp-json\/wp\/v2\/comments?post=162853"}],"version-history":[{"count":0,"href":"https:\/\/plazajuarez.mx\/historico\/wp-json\/wp\/v2\/posts\/162853\/revisions"}],"wp:featuredmedia":[{"embeddable":true,"href":"https:\/\/plazajuarez.mx\/historico\/wp-json\/wp\/v2\/media\/162854"}],"wp:attachment":[{"href":"https:\/\/plazajuarez.mx\/historico\/wp-json\/wp\/v2\/media?parent=162853"}],"wp:term":[{"taxonomy":"category","embeddable":true,"href":"https:\/\/plazajuarez.mx\/historico\/wp-json\/wp\/v2\/categories?post=162853"},{"taxonomy":"post_tag","embeddable":true,"href":"https:\/\/plazajuarez.mx\/historico\/wp-json\/wp\/v2\/tags?post=162853"}],"curies":[{"name":"wp","href":"https:\/\/api.w.org\/{rel}","templated":true}]}}