{"id":162741,"date":"2021-05-06T09:53:39","date_gmt":"2021-05-06T14:53:39","guid":{"rendered":"https:\/\/plazajuarez.mx\/?p=162741"},"modified":"2021-05-06T09:53:53","modified_gmt":"2021-05-06T14:53:53","slug":"cine-de-manana-50","status":"publish","type":"post","link":"https:\/\/plazajuarez.mx\/historico\/cine-de-manana-50\/","title":{"rendered":"CINE DE MA\u00d1ANA"},"content":{"rendered":"\n<h2 class=\"wp-block-heading\"><strong>Estrellas f\u00edlmicas<\/strong><\/h2>\n\n\n\n<p class=\"wp-block-paragraph\">Una de las cintas m\u00e1s esperadas de la LXIX Muestra Internacional de Cine que esperamos llegue pronto a Pachuca, es <em>La verdad<\/em>, la m\u00e1s reciente cinta del japon\u00e9s Hirokazu Koreeda.<\/p>\n\n\n\n<p class=\"wp-block-paragraph\">Este realizador, nacido en Tokio el 6 de junio de 1962, se ha vuelto uno de los referentes del cine japon\u00e9s, gracias a cintas como<em> De tal padre tal hijo<\/em>, <em>Nuestra peque\u00f1a hermana<\/em>, <em>Tras la tormenta<\/em>,<em> El tercer asesinato <\/em>y <em>Un asunto de familia<\/em>.<\/p>\n\n\n\n<p class=\"wp-block-paragraph\">Por primera vez en su carrera, el director recurre a un reparto internacional con dos de los \u00edconos del cine franc\u00e9s Catherine Deneuve y Juliette Binoche, apoyadas por el hollywoodense Ethan Hawke.<\/p>\n\n\n\n<p class=\"wp-block-paragraph\">De acuerdo a la historia de Ken Liu, la estrella Fabienne Dangeville (Catherine Deneuve) ha publicado su autobiograf\u00eda e invita a su casa a su hija Lumir (Jiliette Binoche), una guionista que vive en Hollywood con su esposo Hank (Ethan Hawke) y su peque\u00f1a hija.<\/p>\n\n\n\n<p class=\"wp-block-paragraph\">La diva ha ocultado mucha de la verdad del t\u00edtulo sobre su familia y sus relaciones con la desaparecida Charlotte.<\/p>\n\n\n\n<p class=\"wp-block-paragraph\">Fabienne justifica sus omisiones \u201ccomo licencias literarias\u201d, pero Lumir la obligar\u00e1 a confrontar sus verdaderos sentimientos.<\/p>\n\n\n\n<p class=\"wp-block-paragraph\">Koreeda recuerda por momentos<em> El ocaso de una vida<\/em> con una Gloria Swanson en total decadencia y aferrada al pasado. En cambio Fabienne vive el presente \u2013filma una cinta de ficci\u00f3n- y confronta sus fantasmas del pasado, incluyendo a su esposo, al que, afirma que puede convertir en tortuga.<\/p>\n\n\n\n<p class=\"wp-block-paragraph\">Lo cierto es que resulta una delicia ver a los dos \u00edconos del cine franc\u00e9s compartir el escenario y borrar a todos los dem\u00e1s&nbsp;&nbsp;<em>La v\u00e9rit\u00e9<\/em> resulta un homenaje a estas dos grandes actrices y es una de las cintas que no hay que perderse.<\/p>\n","protected":false},"excerpt":{"rendered":"<p>Estrellas f\u00edlmicas Una de las cintas m\u00e1s esperadas de la LXIX Muestra Internacional de Cine que esperamos llegue pronto a Pachuca, es La verdad, la m\u00e1s reciente cinta del japon\u00e9s Hirokazu Koreeda. Este realizador, nacido en Tokio el 6 de junio de 1962, se ha vuelto uno de los referentes del cine japon\u00e9s, gracias a [&hellip;]<\/p>\n","protected":false},"author":96,"featured_media":0,"comment_status":"closed","ping_status":"open","sticky":false,"template":"","format":"standard","meta":{"footnotes":""},"categories":[41,54,42],"tags":[],"class_list":["post-162741","post","type-post","status-publish","format-standard","hentry","category-arteria-cultural","category-jorge-carrasco","category-nuestrapalabra"],"_links":{"self":[{"href":"https:\/\/plazajuarez.mx\/historico\/wp-json\/wp\/v2\/posts\/162741","targetHints":{"allow":["GET"]}}],"collection":[{"href":"https:\/\/plazajuarez.mx\/historico\/wp-json\/wp\/v2\/posts"}],"about":[{"href":"https:\/\/plazajuarez.mx\/historico\/wp-json\/wp\/v2\/types\/post"}],"author":[{"embeddable":true,"href":"https:\/\/plazajuarez.mx\/historico\/wp-json\/wp\/v2\/users\/96"}],"replies":[{"embeddable":true,"href":"https:\/\/plazajuarez.mx\/historico\/wp-json\/wp\/v2\/comments?post=162741"}],"version-history":[{"count":0,"href":"https:\/\/plazajuarez.mx\/historico\/wp-json\/wp\/v2\/posts\/162741\/revisions"}],"wp:attachment":[{"href":"https:\/\/plazajuarez.mx\/historico\/wp-json\/wp\/v2\/media?parent=162741"}],"wp:term":[{"taxonomy":"category","embeddable":true,"href":"https:\/\/plazajuarez.mx\/historico\/wp-json\/wp\/v2\/categories?post=162741"},{"taxonomy":"post_tag","embeddable":true,"href":"https:\/\/plazajuarez.mx\/historico\/wp-json\/wp\/v2\/tags?post=162741"}],"curies":[{"name":"wp","href":"https:\/\/api.w.org\/{rel}","templated":true}]}}