{"id":162735,"date":"2021-05-06T09:51:47","date_gmt":"2021-05-06T14:51:47","guid":{"rendered":"https:\/\/plazajuarez.mx\/?p=162735"},"modified":"2021-05-06T09:52:05","modified_gmt":"2021-05-06T14:52:05","slug":"record-de-muertes-en-india-ya-se-habla-de-genocidio","status":"publish","type":"post","link":"https:\/\/plazajuarez.mx\/historico\/record-de-muertes-en-india-ya-se-habla-de-genocidio\/","title":{"rendered":"R\u00e9cord de muertes en India, ya se habla de &#8220;genocidio&#8221;"},"content":{"rendered":"\n<p class=\"wp-block-paragraph\">EFE.- La India rompi\u00f3 ayer un nuevo r\u00e9cord de muertes diarias por coronavirus, con 3,780, mientras los tribunales presionan a las autoridades para que solucionen la falta de ox\u00edgeno en los hospitales que est\u00e1n provocando &#8220;un acto criminal no menor a un genocidio&#8221;.<\/p>\n\n\n\n<p class=\"wp-block-paragraph\">Human Rights Watch (HRW) ha criticado tambi\u00e9n la respuesta de un Gobierno indio &#8220;obsesionado con las cr\u00edticas y no con la carencia de productos m\u00e9dicos&#8221; durante la segunda ola de la pandemia, que contin\u00faa su espectacular avance en el segundo pa\u00eds m\u00e1s afectado del mundo en t\u00e9rminos absolutos.<\/p>\n\n\n\n<p class=\"wp-block-paragraph\"><strong>LAS INFECCIONES DE NUEVO AL ALZA<\/strong><\/p>\n\n\n\n<p class=\"wp-block-paragraph\">Con el nuevo r\u00e9cord de fallecimientos registrado ayer, el total de muertes desde el inicio de la pandemia se eleva ya a 226,188, seg\u00fan los \u00faltimos datos del Ministerio de Salud.<\/p>\n\n\n\n<p class=\"wp-block-paragraph\">Adem\u00e1s, aunque los contagios hab\u00edan experimentado una ligera bajada desde que la India alcanz\u00f3 por primera vez los 400,000 nuevos casos el pasado s\u00e1bado, ayer el pa\u00eds registr\u00f3 382, 315 infecciones.<\/p>\n","protected":false},"excerpt":{"rendered":"<p>EFE.- La India rompi\u00f3 ayer un nuevo r\u00e9cord de muertes diarias por coronavirus, con 3,780, mientras los tribunales presionan a las autoridades para que solucionen la falta de ox\u00edgeno en los hospitales que est\u00e1n provocando &#8220;un acto criminal no menor a un genocidio&#8221;. Human Rights Watch (HRW) ha criticado tambi\u00e9n la respuesta de un Gobierno [&hellip;]<\/p>\n","protected":false},"author":80,"featured_media":162737,"comment_status":"closed","ping_status":"open","sticky":false,"template":"","format":"standard","meta":{"footnotes":""},"categories":[39],"tags":[],"class_list":["post-162735","post","type-post","status-publish","format-standard","has-post-thumbnail","hentry","category-deportiva"],"_links":{"self":[{"href":"https:\/\/plazajuarez.mx\/historico\/wp-json\/wp\/v2\/posts\/162735","targetHints":{"allow":["GET"]}}],"collection":[{"href":"https:\/\/plazajuarez.mx\/historico\/wp-json\/wp\/v2\/posts"}],"about":[{"href":"https:\/\/plazajuarez.mx\/historico\/wp-json\/wp\/v2\/types\/post"}],"author":[{"embeddable":true,"href":"https:\/\/plazajuarez.mx\/historico\/wp-json\/wp\/v2\/users\/80"}],"replies":[{"embeddable":true,"href":"https:\/\/plazajuarez.mx\/historico\/wp-json\/wp\/v2\/comments?post=162735"}],"version-history":[{"count":0,"href":"https:\/\/plazajuarez.mx\/historico\/wp-json\/wp\/v2\/posts\/162735\/revisions"}],"wp:featuredmedia":[{"embeddable":true,"href":"https:\/\/plazajuarez.mx\/historico\/wp-json\/wp\/v2\/media\/162737"}],"wp:attachment":[{"href":"https:\/\/plazajuarez.mx\/historico\/wp-json\/wp\/v2\/media?parent=162735"}],"wp:term":[{"taxonomy":"category","embeddable":true,"href":"https:\/\/plazajuarez.mx\/historico\/wp-json\/wp\/v2\/categories?post=162735"},{"taxonomy":"post_tag","embeddable":true,"href":"https:\/\/plazajuarez.mx\/historico\/wp-json\/wp\/v2\/tags?post=162735"}],"curies":[{"name":"wp","href":"https:\/\/api.w.org\/{rel}","templated":true}]}}