{"id":162732,"date":"2021-05-06T09:49:50","date_gmt":"2021-05-06T14:49:50","guid":{"rendered":"https:\/\/plazajuarez.mx\/?p=162732"},"modified":"2021-05-06T09:50:05","modified_gmt":"2021-05-06T14:50:05","slug":"perdida-de-olor-en-pacientes-covid-19-se-debe-a-una-inflamacion","status":"publish","type":"post","link":"https:\/\/plazajuarez.mx\/historico\/perdida-de-olor-en-pacientes-covid-19-se-debe-a-una-inflamacion\/","title":{"rendered":"P\u00e9rdida de olor en pacientes Covid-19 se debe a una inflamaci\u00f3n"},"content":{"rendered":"\n<p class=\"wp-block-paragraph\">EFE.- La p\u00e9rdida de olor en casos de pacientes infectados por el coronavirus no se debe &#8220;a un edema en el nivel de la hendidura olfativa&#8221;, como se cre\u00eda hasta ahora, y s\u00ed a una infecci\u00f3n de las neuronas sensoriales que &#8220;provocan una inflamaci\u00f3n persistente&#8221; del sistema nervioso olfativo, seg\u00fan un estudio divulgado ayer por el Instituto Pasteur.<\/p>\n\n\n\n<p class=\"wp-block-paragraph\">Esta investigaci\u00f3n, en la que colaboran tambi\u00e9n los centros franceses CNRS, Inserm y la Universidad de Par\u00eds, refuta as\u00ed una de las hip\u00f3tesis hasta ahora aceptadas sobre la p\u00e9rdida del olfato en pacientes covid, basada en &#8220;un edema transitorio al nivel de la hendidura olfativa que impide el paso del aire que lleva las mol\u00e9culas del olor a las c\u00e9lulas nerviosas olfativas&#8221; (provocando la t\u00edpica congesti\u00f3n nasal).<\/p>\n\n\n\n<p class=\"wp-block-paragraph\">Sin embargo, el estudio encontr\u00f3 &#8220;una infecci\u00f3n de neuronas sensoriales&#8221; entre los pacientes y el aumento de c\u00e9lulas inmunitarias en el \u00f3rgano sensorial.<\/p>\n","protected":false},"excerpt":{"rendered":"<p>EFE.- La p\u00e9rdida de olor en casos de pacientes infectados por el coronavirus no se debe &#8220;a un edema en el nivel de la hendidura olfativa&#8221;, como se cre\u00eda hasta ahora, y s\u00ed a una infecci\u00f3n de las neuronas sensoriales que &#8220;provocan una inflamaci\u00f3n persistente&#8221; del sistema nervioso olfativo, seg\u00fan un estudio divulgado ayer por [&hellip;]<\/p>\n","protected":false},"author":80,"featured_media":162733,"comment_status":"closed","ping_status":"open","sticky":false,"template":"","format":"standard","meta":{"footnotes":""},"categories":[31],"tags":[],"class_list":["post-162732","post","type-post","status-publish","format-standard","has-post-thumbnail","hentry","category-orbe"],"_links":{"self":[{"href":"https:\/\/plazajuarez.mx\/historico\/wp-json\/wp\/v2\/posts\/162732","targetHints":{"allow":["GET"]}}],"collection":[{"href":"https:\/\/plazajuarez.mx\/historico\/wp-json\/wp\/v2\/posts"}],"about":[{"href":"https:\/\/plazajuarez.mx\/historico\/wp-json\/wp\/v2\/types\/post"}],"author":[{"embeddable":true,"href":"https:\/\/plazajuarez.mx\/historico\/wp-json\/wp\/v2\/users\/80"}],"replies":[{"embeddable":true,"href":"https:\/\/plazajuarez.mx\/historico\/wp-json\/wp\/v2\/comments?post=162732"}],"version-history":[{"count":0,"href":"https:\/\/plazajuarez.mx\/historico\/wp-json\/wp\/v2\/posts\/162732\/revisions"}],"wp:featuredmedia":[{"embeddable":true,"href":"https:\/\/plazajuarez.mx\/historico\/wp-json\/wp\/v2\/media\/162733"}],"wp:attachment":[{"href":"https:\/\/plazajuarez.mx\/historico\/wp-json\/wp\/v2\/media?parent=162732"}],"wp:term":[{"taxonomy":"category","embeddable":true,"href":"https:\/\/plazajuarez.mx\/historico\/wp-json\/wp\/v2\/categories?post=162732"},{"taxonomy":"post_tag","embeddable":true,"href":"https:\/\/plazajuarez.mx\/historico\/wp-json\/wp\/v2\/tags?post=162732"}],"curies":[{"name":"wp","href":"https:\/\/api.w.org\/{rel}","templated":true}]}}