{"id":162728,"date":"2021-05-06T09:47:38","date_gmt":"2021-05-06T14:47:38","guid":{"rendered":"https:\/\/plazajuarez.mx\/?p=162728"},"modified":"2021-05-06T09:47:51","modified_gmt":"2021-05-06T14:47:51","slug":"bolsonaro-quiere-decretar-contra-restricciones-covid-19","status":"publish","type":"post","link":"https:\/\/plazajuarez.mx\/historico\/bolsonaro-quiere-decretar-contra-restricciones-covid-19\/","title":{"rendered":"Bolsonaro quiere decretar contra restricciones Covid-19"},"content":{"rendered":"\n<p class=\"wp-block-paragraph\">EFE.- El presidente brasile\u00f1o, Jair Bolsonaro, dijo que puede dictar un decreto para garantizar a los ciudadanos la &#8220;libertad&#8221; de &#8220;trabajar&#8221; e &#8220;ir y venir&#8221;, hoy restringido por medidas contra la covid-19.<\/p>\n\n\n\n<p class=\"wp-block-paragraph\">&#8220;Nadie puede estar feliz si no tiene libertad&#8221;, manifest\u00f3 el mandatario en un evento sobre telecomunicaciones, en el que volvi\u00f3 a criticar las restricciones a la circulaci\u00f3n de personas, ya muy relajadas pero que todav\u00eda est\u00e1n en vigor en muchas ciudades frente a una pandemia que ya mat\u00f3 a m\u00e1s de 410,000 personas en Brasil.<\/p>\n\n\n\n<p class=\"wp-block-paragraph\">Bolsonaro aludi\u00f3 a manifestaciones del fin de semana de sus partidarios en contra de esas medidas y dijo que &#8220;el pueblo va a la calle&#8221; y &#8220;est\u00e1 dispuesto a dar su vida por la libertad&#8221;.<\/p>\n\n\n\n<p class=\"wp-block-paragraph\">&#8220;En las calles se pide que el Gobierno decrete. Y si decreto, eso ser\u00e1 cumplido y eso no podr\u00e1 ser suspendido por ning\u00fan tribunal&#8221;, declar\u00f3 en alusi\u00f3n a la Corte Suprema, que ratific\u00f3 la potestad constitucional de gobernadores y alcaldes para suspender actividades para contener los contagios de Covid-19.<\/p>\n","protected":false},"excerpt":{"rendered":"<p>EFE.- El presidente brasile\u00f1o, Jair Bolsonaro, dijo que puede dictar un decreto para garantizar a los ciudadanos la &#8220;libertad&#8221; de &#8220;trabajar&#8221; e &#8220;ir y venir&#8221;, hoy restringido por medidas contra la covid-19. &#8220;Nadie puede estar feliz si no tiene libertad&#8221;, manifest\u00f3 el mandatario en un evento sobre telecomunicaciones, en el que volvi\u00f3 a criticar las [&hellip;]<\/p>\n","protected":false},"author":80,"featured_media":162729,"comment_status":"closed","ping_status":"open","sticky":false,"template":"","format":"standard","meta":{"footnotes":""},"categories":[31],"tags":[],"class_list":["post-162728","post","type-post","status-publish","format-standard","has-post-thumbnail","hentry","category-orbe"],"_links":{"self":[{"href":"https:\/\/plazajuarez.mx\/historico\/wp-json\/wp\/v2\/posts\/162728","targetHints":{"allow":["GET"]}}],"collection":[{"href":"https:\/\/plazajuarez.mx\/historico\/wp-json\/wp\/v2\/posts"}],"about":[{"href":"https:\/\/plazajuarez.mx\/historico\/wp-json\/wp\/v2\/types\/post"}],"author":[{"embeddable":true,"href":"https:\/\/plazajuarez.mx\/historico\/wp-json\/wp\/v2\/users\/80"}],"replies":[{"embeddable":true,"href":"https:\/\/plazajuarez.mx\/historico\/wp-json\/wp\/v2\/comments?post=162728"}],"version-history":[{"count":0,"href":"https:\/\/plazajuarez.mx\/historico\/wp-json\/wp\/v2\/posts\/162728\/revisions"}],"wp:featuredmedia":[{"embeddable":true,"href":"https:\/\/plazajuarez.mx\/historico\/wp-json\/wp\/v2\/media\/162729"}],"wp:attachment":[{"href":"https:\/\/plazajuarez.mx\/historico\/wp-json\/wp\/v2\/media?parent=162728"}],"wp:term":[{"taxonomy":"category","embeddable":true,"href":"https:\/\/plazajuarez.mx\/historico\/wp-json\/wp\/v2\/categories?post=162728"},{"taxonomy":"post_tag","embeddable":true,"href":"https:\/\/plazajuarez.mx\/historico\/wp-json\/wp\/v2\/tags?post=162728"}],"curies":[{"name":"wp","href":"https:\/\/api.w.org\/{rel}","templated":true}]}}