{"id":162723,"date":"2021-05-06T09:43:55","date_gmt":"2021-05-06T14:43:55","guid":{"rendered":"https:\/\/plazajuarez.mx\/?p=162723"},"modified":"2021-05-06T09:44:15","modified_gmt":"2021-05-06T14:44:15","slug":"el-director-deportivo-del-betis-elogia-el-crecimiento-del-mexicano-lainez","status":"publish","type":"post","link":"https:\/\/plazajuarez.mx\/historico\/el-director-deportivo-del-betis-elogia-el-crecimiento-del-mexicano-lainez\/","title":{"rendered":"El director deportivo del Betis elogia el crecimiento del mexicano Lainez"},"content":{"rendered":"\n<p class=\"wp-block-paragraph\">(EFE).- El director deportivo del Betis, Antonio Cord\u00f3n, elogi\u00f3 el crecimiento del extremo mexicano Diego Lainez en su tercera temporada en el conjunto verdiblanco y dijo que dar\u00e1 &#8220;muchas tardes de gloria&#8221; a la selecci\u00f3n mexicana y que &#8220;espera&#8221; que tambi\u00e9n las tenga en el Betis.<\/p>\n\n\n\n<p class=\"wp-block-paragraph\">&#8220;Nosotros con Lainez estamos muy contentos, es un chico que est\u00e1 creciendo, que va a continuar creciendo dentro de la selecci\u00f3n, se presenta ahora a unos Juegos Ol\u00edmpicos, tambi\u00e9n est\u00e1 con la selecci\u00f3n mayor. Creo que va a ser un jugador que d\u00e9 muchas tardes de gloria a la selecci\u00f3n y espero que al Betis&#8221;, manifest\u00f3 Cord\u00f3n durante un acto organizado por LaLiga.<\/p>\n\n\n\n<p class=\"wp-block-paragraph\">El directivo b\u00e9tico se\u00f1al\u00f3 que M\u00e9xico es un pa\u00eds que tiene muy buen nivel de selecciones nacionales en categor\u00edas inferiores, porque genera &#8220;jugadores interesantes a nivel t\u00e9cnico&#8221;.<\/p>\n","protected":false},"excerpt":{"rendered":"<p>(EFE).- El director deportivo del Betis, Antonio Cord\u00f3n, elogi\u00f3 el crecimiento del extremo mexicano Diego Lainez en su tercera temporada en el conjunto verdiblanco y dijo que dar\u00e1 &#8220;muchas tardes de gloria&#8221; a la selecci\u00f3n mexicana y que &#8220;espera&#8221; que tambi\u00e9n las tenga en el Betis. &#8220;Nosotros con Lainez estamos muy contentos, es un chico [&hellip;]<\/p>\n","protected":false},"author":80,"featured_media":162725,"comment_status":"closed","ping_status":"open","sticky":false,"template":"","format":"standard","meta":{"footnotes":""},"categories":[39],"tags":[],"class_list":["post-162723","post","type-post","status-publish","format-standard","has-post-thumbnail","hentry","category-deportiva"],"_links":{"self":[{"href":"https:\/\/plazajuarez.mx\/historico\/wp-json\/wp\/v2\/posts\/162723","targetHints":{"allow":["GET"]}}],"collection":[{"href":"https:\/\/plazajuarez.mx\/historico\/wp-json\/wp\/v2\/posts"}],"about":[{"href":"https:\/\/plazajuarez.mx\/historico\/wp-json\/wp\/v2\/types\/post"}],"author":[{"embeddable":true,"href":"https:\/\/plazajuarez.mx\/historico\/wp-json\/wp\/v2\/users\/80"}],"replies":[{"embeddable":true,"href":"https:\/\/plazajuarez.mx\/historico\/wp-json\/wp\/v2\/comments?post=162723"}],"version-history":[{"count":0,"href":"https:\/\/plazajuarez.mx\/historico\/wp-json\/wp\/v2\/posts\/162723\/revisions"}],"wp:featuredmedia":[{"embeddable":true,"href":"https:\/\/plazajuarez.mx\/historico\/wp-json\/wp\/v2\/media\/162725"}],"wp:attachment":[{"href":"https:\/\/plazajuarez.mx\/historico\/wp-json\/wp\/v2\/media?parent=162723"}],"wp:term":[{"taxonomy":"category","embeddable":true,"href":"https:\/\/plazajuarez.mx\/historico\/wp-json\/wp\/v2\/categories?post=162723"},{"taxonomy":"post_tag","embeddable":true,"href":"https:\/\/plazajuarez.mx\/historico\/wp-json\/wp\/v2\/tags?post=162723"}],"curies":[{"name":"wp","href":"https:\/\/api.w.org\/{rel}","templated":true}]}}