{"id":162559,"date":"2021-05-05T08:50:14","date_gmt":"2021-05-05T13:50:14","guid":{"rendered":"https:\/\/plazajuarez.mx\/?p=162559"},"modified":"2021-05-05T08:50:55","modified_gmt":"2021-05-05T13:50:55","slug":"dese-por-enterado-873","status":"publish","type":"post","link":"https:\/\/plazajuarez.mx\/historico\/dese-por-enterado-873\/","title":{"rendered":"DESE POR ENTERADO"},"content":{"rendered":"\n<p><strong>\u00bfPARA QU\u00c9 REABRIR EL MEXE?.-<\/strong> Finalmente tuvieron que ser los propios trabajadores de la Universidad Polit\u00e9cnica Francisco I. Madero, los que acudieron a la sede del Congreso local para pedir que no les quiten sus instalaciones, las que ocupan desde hace 15 a\u00f1os, para entreg\u00e1rselas a la Coordinadora Nacional de Trabajadores de la Educaci\u00f3n, que se supone tendr\u00e1 a su cargo el regreso de la Normal de El Mexe. \u00bfTiene alg\u00fan sentido dejar sin su casa a una de las universidades polit\u00e9cnicas m\u00e1s exitosas no solo de Hidalgo, sino de todo el pa\u00eds, para ceder a las presiones de un organismo como la CNTE que no dudar\u00e1 en impulsar la creaci\u00f3n de la Sede de Sedes de las normales rurales en Francisco I. Madero? \u00bfTiene sentido hacerle lo que piensan hacerle a la Polit\u00e9cnica que tan bien ha funcionado? Sinceramente, no lo creo.<\/p>\n\n\n\n<p>***<\/p>\n\n\n\n<p><strong>UAEH, OTRA VEZ A OBLIGAR A TRABAJADORES Y MAESTROS.- <\/strong>No se vale que de nueva cuenta se use de manera abierta y le pese a quien le pese, a trabajadores y maestros de la Universidad Aut\u00f3noma del Estado de Hidalgo para realizar actividades en favor de la diputada federal y Presidenta del Patronato Universitario, Lidia Garc\u00eda, quien pretende reelegirse como diputada federal por Morena. Y por supuesto, al que se le ocurra quejarse por este abuso y uso de su tiempo, se encontrar\u00e1 con que ya fue despedido. No se vale que de nueva cuenta y como en los peores tiempos de la instituci\u00f3n, se obligue a trabajadores y profesores a realizar tareas de proselitismo a una candidata que, la mera verdad, poco o nada ha hecho por los hidalguenses.<\/p>\n\n\n\n<p>***<\/p>\n\n\n\n<p><strong>MORENA EN LA LONA.-<\/strong> No pudo ser m\u00e1s inoportuno un accidente para el partido del Presidente de la Rep\u00fablica, Morena, porque deja en una situaci\u00f3n cr\u00edtica al mismo, de frente a los comicios del mes de junio. De plano que la suerte que se traen es terrible, pero m\u00e1s que la suerte es lo que dejaron de hacer en las instalaciones del Metro de la Ciudad de M\u00e9xico. Por supuesto el l\u00edder nacional morenista, Mario Delgado, es uno de los m\u00e1s afectados. Pero a\u00fan as\u00ed aseguran que todas las encuestas les favorecen. \u00bfLes creer\u00e1 alguien?<\/p>\n\n\n\n<p>***<\/p>\n\n\n\n<p><strong>NO, LOS QUE HICIERON LA L\u00cdNEA DEL METRO NADA TIENEN QUE VER CON EL PUENTE ATIRANTADO.-<\/strong> No ten\u00edan el m\u00ednimo conocimiento de lo que hab\u00eda sucedido en la capital del pa\u00eds, ning\u00fan dato que les diera a entender que eran los mismos que edifican el puente atirantado de la Superv\u00eda Colosio en Pachuca. Nada pues. Pero de buenas a primeras dejaron soltar el rumor de que s\u00ed eran los mismos. \u00bfPor qu\u00e9? Pues porque ellos lo dijeron. Ganas pues de fastidiar, de complicar las cosas. La historia de siempre.<\/p>\n\n\n\n<p>***<\/p>\n\n\n\n<p><strong><em>Aviso para que no digan: Esa columna se nutre de comentarios recabados en agencias del Recontra-Espionaje, muy similares a las que populariz\u00f3 el \u201cS\u00faper Agente 86\u201d en sus tiempos. Como tal, usted est\u00e1 en libertad de creer o no lo que lee, recontra-enojarse, recontra-carcajearse y hasta recontra-recordarnos a nuestra jefecita (nosotros recontra-hacemos lo propio). Avisado est\u00e1 usted.<\/em><\/strong><\/p>\n\n\n\n<p>Dudas y comentarios:<\/p>\n\n\n\n<p><a href=\"mailto:desexenterado@gmail.com\">desexenterado@gmail.com<\/a><\/p>\n\n\n\n<p>@desexenterado<\/p>\n","protected":false},"excerpt":{"rendered":"<p>\u00bfPARA QU\u00c9 REABRIR EL MEXE?.- Finalmente tuvieron que ser los propios trabajadores de la Universidad Polit\u00e9cnica Francisco I. Madero, los que acudieron a la sede del Congreso local para pedir que no les quiten sus instalaciones, las que ocupan desde hace 15 a\u00f1os, para entreg\u00e1rselas a la Coordinadora Nacional de Trabajadores de la Educaci\u00f3n, que [&hellip;]<\/p>\n","protected":false},"author":93,"featured_media":154731,"comment_status":"closed","ping_status":"open","sticky":false,"template":"","format":"standard","meta":{"footnotes":""},"categories":[83],"tags":[],"class_list":["post-162559","post","type-post","status-publish","format-standard","has-post-thumbnail","hentry","category-dese-por-enterado"],"_links":{"self":[{"href":"https:\/\/plazajuarez.mx\/historico\/wp-json\/wp\/v2\/posts\/162559","targetHints":{"allow":["GET"]}}],"collection":[{"href":"https:\/\/plazajuarez.mx\/historico\/wp-json\/wp\/v2\/posts"}],"about":[{"href":"https:\/\/plazajuarez.mx\/historico\/wp-json\/wp\/v2\/types\/post"}],"author":[{"embeddable":true,"href":"https:\/\/plazajuarez.mx\/historico\/wp-json\/wp\/v2\/users\/93"}],"replies":[{"embeddable":true,"href":"https:\/\/plazajuarez.mx\/historico\/wp-json\/wp\/v2\/comments?post=162559"}],"version-history":[{"count":0,"href":"https:\/\/plazajuarez.mx\/historico\/wp-json\/wp\/v2\/posts\/162559\/revisions"}],"wp:featuredmedia":[{"embeddable":true,"href":"https:\/\/plazajuarez.mx\/historico\/wp-json\/wp\/v2\/media\/154731"}],"wp:attachment":[{"href":"https:\/\/plazajuarez.mx\/historico\/wp-json\/wp\/v2\/media?parent=162559"}],"wp:term":[{"taxonomy":"category","embeddable":true,"href":"https:\/\/plazajuarez.mx\/historico\/wp-json\/wp\/v2\/categories?post=162559"},{"taxonomy":"post_tag","embeddable":true,"href":"https:\/\/plazajuarez.mx\/historico\/wp-json\/wp\/v2\/tags?post=162559"}],"curies":[{"name":"wp","href":"https:\/\/api.w.org\/{rel}","templated":true}]}}