{"id":162540,"date":"2021-05-05T06:00:36","date_gmt":"2021-05-05T11:00:36","guid":{"rendered":"https:\/\/plazajuarez.mx\/?p=162540"},"modified":"2021-05-05T12:54:25","modified_gmt":"2021-05-05T17:54:25","slug":"alfil-negro-2071","status":"publish","type":"post","link":"https:\/\/plazajuarez.mx\/historico\/alfil-negro-2071\/","title":{"rendered":"ALFIL NEGRO"},"content":{"rendered":"\n<h2 class=\"wp-block-heading\"><strong>YA SE CAY\u00d3 EL ARBOLITO DONDE DORM\u00cdA EL PAVO REAL<\/strong><\/h2>\n\n\n\n<p>Las canciones populares como los refranes, son compendios de sabidur\u00eda del pueblo y expresiones de la experiencia colectiva sobre hechos de la vida misma. Por eso se les debe hacer caso.<\/p>\n\n\n\n<p>En la canci\u00f3n &#8220;Me he de comer esa tuna&#8221;, que cantaba Jorge Negrete, hay una parte en que dice: &#8220;ya se cay\u00f3 el arbolito donde dorm\u00eda el pavo real, ahora dormir\u00e1 en el suelo, como cualquier animal&#8221;.<\/p>\n\n\n\n<p>Que en otras palabras, se puede traducir como: lo que pasa en la vida real, donde hay momentos en que se tienen condiciones para sentirse pavo real y luego llegan temporadas en que desaparece el pavo real y sus condiciones de nobleza, para ser como cualquier animal en ese paso del pavo real al guajolote o totole, como dec\u00edan en mi pueblo.<\/p>\n\n\n\n<p>Haga usted el caso de MARCELO EBRARD Y CLAUDIA SHEINBAUM, que para muchos eran los pavos reales de la clase pol\u00edtica de AMLO.<\/p>\n\n\n\n<p>Los dos se perfilaban en una carrera fuerte por la candidatura de Morena a la Presidencia de la Rep\u00fablica, una vez que Obrador deje el poder.<\/p>\n\n\n\n<p>Y no iban mal, pues Ebrard se constituy\u00f3 en el s\u00faper Secretario y apagafuegos del sexenio, luciendo en el tema de las vacunas aunque con expresiones de soberbia como eso de &#8220;misi\u00f3n cumplida&#8221;, cuando la verdad era otra.<\/p>\n\n\n\n<p>En cuanto a Sheinbaum, ha dado sobradas muestras de capacidad y sentido pol\u00edtico, sobre todo gracias a las torpezas de Gatell y a su agudo sentido de la pol\u00edtica pr\u00e1ctica, donde ha mostrado sentido com\u00fan y capacidad de decisi\u00f3n.<\/p>\n\n\n\n<p>Hasta que a los dos les lleg\u00f3 su 3 de mayo, con el derrumbe del metro en la l\u00ednea 12.<\/p>\n\n\n\n<p>Esto se convirti\u00f3 en una oportunidad para que sus seguidores tundieran al de enfrente con ganas, para restarle posibilidades para la candidatura.<\/p>\n\n\n\n<p>Los de CLAUDIA SHEINBAUM le han dado con todo a Ebrard a quien culpan de la tragedia, por haber hecho una obra con las patas y con los resultados que todos vemos, con 24 personas fallecidas y 70 heridos y la verdad no se ve c\u00f3mo pueda salir de esta el s\u00faper Secretario que pudo ver ca\u00edda su posibilidad para ser Presidente en el derrumbe del metro.<\/p>\n\n\n\n<p>Pero SHEINBAUM NO SE VA LIMPIA TAMPOCO, pues los seguidores de Ebrard lo menos que dicen de ella es que no atendi\u00f3 denuncias ciudadanas ni le dio mantenimiento a esta l\u00ednea, y que por lo mismo es culpable.<\/p>\n\n\n\n<p>Lo que se nota es una gran divisi\u00f3n en Morena, donde todos quieren ganar para tener hueso y sus apuestas son por cualquiera de estos dos y la muestra es la batalla campal que se traen.<\/p>\n\n\n\n<p>Lo cierto es que Morena como partido no sale limpio y hasta su Presidente MARIO DELGADO est\u00e1 en el juego, pues era el que manejaba los dineros en esa obra.<\/p>\n\n\n\n<p>Si siguen en su lucha interna, no va a ser extra\u00f1o que la oposici\u00f3n les d\u00e9 un susto, y probablemente con un hidalguense que vuelve a los primeros planos con trabajo y discreci\u00f3n.<\/p>\n\n\n\n<p>Cuesti\u00f3n de ver c\u00f3mo les va finalmente a Ebrard y Claudia.<\/p>\n","protected":false},"excerpt":{"rendered":"<p>YA SE CAY\u00d3 EL ARBOLITO DONDE DORM\u00cdA EL PAVO REAL Las canciones populares como los refranes, son compendios de sabidur\u00eda del pueblo y expresiones de la experiencia colectiva sobre hechos de la vida misma. Por eso se les debe hacer caso. En la canci\u00f3n &#8220;Me he de comer esa tuna&#8221;, que cantaba Jorge Negrete, hay [&hellip;]<\/p>\n","protected":false},"author":83,"featured_media":154739,"comment_status":"closed","ping_status":"open","sticky":false,"template":"","format":"standard","meta":{"footnotes":""},"categories":[48,42],"tags":[],"class_list":["post-162540","post","type-post","status-publish","format-standard","has-post-thumbnail","hentry","category-adalberto-peralta","category-nuestrapalabra"],"_links":{"self":[{"href":"https:\/\/plazajuarez.mx\/historico\/wp-json\/wp\/v2\/posts\/162540","targetHints":{"allow":["GET"]}}],"collection":[{"href":"https:\/\/plazajuarez.mx\/historico\/wp-json\/wp\/v2\/posts"}],"about":[{"href":"https:\/\/plazajuarez.mx\/historico\/wp-json\/wp\/v2\/types\/post"}],"author":[{"embeddable":true,"href":"https:\/\/plazajuarez.mx\/historico\/wp-json\/wp\/v2\/users\/83"}],"replies":[{"embeddable":true,"href":"https:\/\/plazajuarez.mx\/historico\/wp-json\/wp\/v2\/comments?post=162540"}],"version-history":[{"count":0,"href":"https:\/\/plazajuarez.mx\/historico\/wp-json\/wp\/v2\/posts\/162540\/revisions"}],"wp:featuredmedia":[{"embeddable":true,"href":"https:\/\/plazajuarez.mx\/historico\/wp-json\/wp\/v2\/media\/154739"}],"wp:attachment":[{"href":"https:\/\/plazajuarez.mx\/historico\/wp-json\/wp\/v2\/media?parent=162540"}],"wp:term":[{"taxonomy":"category","embeddable":true,"href":"https:\/\/plazajuarez.mx\/historico\/wp-json\/wp\/v2\/categories?post=162540"},{"taxonomy":"post_tag","embeddable":true,"href":"https:\/\/plazajuarez.mx\/historico\/wp-json\/wp\/v2\/tags?post=162540"}],"curies":[{"name":"wp","href":"https:\/\/api.w.org\/{rel}","templated":true}]}}