{"id":162539,"date":"2021-05-05T06:00:49","date_gmt":"2021-05-05T11:00:49","guid":{"rendered":"https:\/\/plazajuarez.mx\/?p=162539"},"modified":"2021-05-05T12:54:37","modified_gmt":"2021-05-05T17:54:37","slug":"retratos-hablados-1054","status":"publish","type":"post","link":"https:\/\/plazajuarez.mx\/historico\/retratos-hablados-1054\/","title":{"rendered":"RETRATOS HABLADOS"},"content":{"rendered":"\n<h2 class=\"wp-block-heading\"><strong>\u00bfPor qu\u00e9 no hicieron nada?<\/strong><\/h2>\n\n\n\n<p>Nadie podr\u00e1 hacerse ajeno a la responsabilidad hist\u00f3rica que nos ha tocado vivir en los \u00faltimos dos a\u00f1os en nuestro pa\u00eds, porque hoy como nunca deber\u00edamos tener por lo menos una respuesta al cuestionamiento que tarde o temprano har\u00e1n nuestros hijos, nietos: \u201c\u00bfpor qu\u00e9 no hiciste nada cuando viste el camino que hab\u00eda tomado el pa\u00eds que hoy padezco? \u00bfPor qu\u00e9 no alzaste la voz cuando miles y miles murieron por una pandemia, que si bien no fue creada por ellos, s\u00ed es responsabilidad de ellos haber actuado con negligencia criminal? \u00bfPor qu\u00e9 no dijiste nada cuando sab\u00edas que hab\u00eda perdido la raz\u00f3n, y que las futuras generaciones, la m\u00eda, pagar\u00edan tan caro sus acciones?\u201d.<\/p>\n\n\n\n<p>No es producto de un d\u00eda lo que hoy mismo observamos con absoluta preocupaci\u00f3n en nuestra naci\u00f3n, porque al contrario forma parte de un plan magistralmente trazado para encumbrar por los siglos de los siglos un poder absoluto que solo cree en sus propias verdades, sean falsas o inventadas.<\/p>\n\n\n\n<p>Decidimos callar el primer a\u00f1o de mandato, porque nadie puede dar soluci\u00f3n a una realidad tan convulsionada, ca\u00f3tica, despedazada, de tal modo que resultaba justo desde el principio ofrendarle los primeros 12 meses, incluso 24 si era necesario, con la certeza de que poco a poco encontrar\u00edamos la diferencia, el toque maestro de un hombre que persigui\u00f3 con tanta persistencia la primera magistratura el pa\u00eds.<\/p>\n\n\n\n<p>Imposible en ese entonces vaticinar lo que hoy vivimos, fruto de una pandemia que pareciera, vino a colocar todas las cosas en su lugar, y permitir ver el rostro real de los que hab\u00edamos canonizado por adelantado por ser salvadores del desastre.<\/p>\n\n\n\n<p>El rostro empez\u00f3 a delinearse paso a paso hasta adquirir los rasgos que hoy nos espantan, nos aterran porque el miedo es real, definitivo, y la posibilidad tan s\u00f3lo de manifestar inconformidad empieza a pesar, a generar las peores pesadillas.<\/p>\n\n\n\n<p>\u00bfPor qu\u00e9 no hicieron nada si se dieron cuenta con tiempo de lo que iba a hacer? \u00bfPor qu\u00e9 no lo detuvieron?<\/p>\n\n\n\n<p>Por miedo seguramente, miedo que creci\u00f3 d\u00eda con d\u00eda, y entre m\u00e1s poderoso era el hombre casi encarnaci\u00f3n de Dios, empezamos a sentirnos minusv\u00e1lidos, miedosos, poseedores de un delirio de persecuci\u00f3n que ni una cruda monumental.<\/p>\n\n\n\n<p>Otros volteamos a otro lado para no mirar que el pa\u00eds entero se transformaba en un campo de batalla, donde todos se odiaban con absoluta honestidad hasta el l\u00edmite de la muerte.<\/p>\n\n\n\n<p>Y la muerte cobr\u00f3 entonces su papel prioritario, fundamental, en una sociedad que empez\u00f3 a contar por ciento los difuntos no s\u00f3lo del virus, sino de las obsesiones criminales.<\/p>\n\n\n\n<p>\u00bfPor qu\u00e9 no hicieron nada antes que todo desembocara en una tragedia, si sab\u00edan, si conoc\u00edan lo que pensaba hacer? \u00bfPor qu\u00e9 se callaron?<\/p>\n\n\n\n<p>Tal vez porque todo deb\u00eda de ocurrir as\u00ed. Tal vez porque hab\u00edamos llegado al cansancio, pero sobre todo a la desilusi\u00f3n; tal vez porque no hab\u00eda soluci\u00f3n despu\u00e9s de todo.<\/p>\n\n\n\n<p>Tal vez porque desde ese entonces no pod\u00edamos hablar, y como la canci\u00f3n de Serrat, \u201cporque los muertos est\u00e1n en cautiverio, y no nos dejan salir del cementerio\u201d.<\/p>\n\n\n\n<p><strong>Mil gracias, hasta ma\u00f1ana.<\/strong><\/p>\n\n\n\n<p><a href=\"mailto:jeperalta@plazajuarez.mx\/historico\/historico\">jeperalta@plazajuarez.mx\/historico\/historico<\/a><\/p>\n\n\n\n<p>@JavierEPeralta<\/p>\n","protected":false},"excerpt":{"rendered":"<p>\u00bfPor qu\u00e9 no hicieron nada? Nadie podr\u00e1 hacerse ajeno a la responsabilidad hist\u00f3rica que nos ha tocado vivir en los \u00faltimos dos a\u00f1os en nuestro pa\u00eds, porque hoy como nunca deber\u00edamos tener por lo menos una respuesta al cuestionamiento que tarde o temprano har\u00e1n nuestros hijos, nietos: \u201c\u00bfpor qu\u00e9 no hiciste nada cuando viste el [&hellip;]<\/p>\n","protected":false},"author":10,"featured_media":154933,"comment_status":"closed","ping_status":"open","sticky":false,"template":"","format":"standard","meta":{"footnotes":""},"categories":[49,42],"tags":[],"class_list":["post-162539","post","type-post","status-publish","format-standard","has-post-thumbnail","hentry","category-javier-peralta","category-nuestrapalabra"],"_links":{"self":[{"href":"https:\/\/plazajuarez.mx\/historico\/wp-json\/wp\/v2\/posts\/162539","targetHints":{"allow":["GET"]}}],"collection":[{"href":"https:\/\/plazajuarez.mx\/historico\/wp-json\/wp\/v2\/posts"}],"about":[{"href":"https:\/\/plazajuarez.mx\/historico\/wp-json\/wp\/v2\/types\/post"}],"author":[{"embeddable":true,"href":"https:\/\/plazajuarez.mx\/historico\/wp-json\/wp\/v2\/users\/10"}],"replies":[{"embeddable":true,"href":"https:\/\/plazajuarez.mx\/historico\/wp-json\/wp\/v2\/comments?post=162539"}],"version-history":[{"count":0,"href":"https:\/\/plazajuarez.mx\/historico\/wp-json\/wp\/v2\/posts\/162539\/revisions"}],"wp:featuredmedia":[{"embeddable":true,"href":"https:\/\/plazajuarez.mx\/historico\/wp-json\/wp\/v2\/media\/154933"}],"wp:attachment":[{"href":"https:\/\/plazajuarez.mx\/historico\/wp-json\/wp\/v2\/media?parent=162539"}],"wp:term":[{"taxonomy":"category","embeddable":true,"href":"https:\/\/plazajuarez.mx\/historico\/wp-json\/wp\/v2\/categories?post=162539"},{"taxonomy":"post_tag","embeddable":true,"href":"https:\/\/plazajuarez.mx\/historico\/wp-json\/wp\/v2\/tags?post=162539"}],"curies":[{"name":"wp","href":"https:\/\/api.w.org\/{rel}","templated":true}]}}