{"id":162485,"date":"2021-05-04T11:53:58","date_gmt":"2021-05-04T16:53:58","guid":{"rendered":"https:\/\/plazajuarez.mx\/?p=162485"},"modified":"2021-05-04T11:54:15","modified_gmt":"2021-05-04T16:54:15","slug":"fotoreportaje-dia-de-la-cruz","status":"publish","type":"post","link":"https:\/\/plazajuarez.mx\/historico\/fotoreportaje-dia-de-la-cruz\/","title":{"rendered":"FOTOREPORTAJE | D\u00cdA DE LA CRUZ"},"content":{"rendered":"\n<p class=\"wp-block-paragraph\">Texto: Karina Mart\u00ednez Res\u00e9ndiz<\/p>\n\n\n\n<p class=\"wp-block-paragraph\">Fotograf\u00edas: Karina Mart\u00ednez Res\u00e9ndiz y Aylin Sim\u00f3n fuentes<\/p>\n\n\n\n<p class=\"wp-block-paragraph\">Un a\u00f1o despu\u00e9s de la pandemia los cohetes resuenan en el cielo, el repique de las campanas hace su llamado y congrega a cientos de personas que llevan cruces en sus manos. Los alba\u00f1iles son quienes m\u00e1s acuden en el el marco de la celebraci\u00f3n de la Santa Cruz, pues es la fecha en la que igual se les festeja: \u00a1es su d\u00eda!&nbsp; Conforme van llegando, se van formando, la fila llega hasta el mercado 1\u00b0 de Mayo.<\/p>\n\n\n\n<p class=\"wp-block-paragraph\">La iglesia de la Asunci\u00f3n bendice las cruces dentro de sus muros, con solo 70 feligreses y a puerta cerrada para evitar aglomeraciones dentro del recinto; en la entrada hay gel y en las butacas indicaciones de donde deben o no sentarse. Afuera las personas esperan su turno bajo el sol, rodeados de vendedores de cruces y adornos para vestirlas. Hace un a\u00f1o la celebraci\u00f3n se cancel\u00f3, como muchas actividades, porque se viv\u00eda el apogeo de la pandemia, este a\u00f1o, sin embargo, las vacunas han sembrado esperanza y han tra\u00eddo con ello el regreso de algunas actividades como este festejo, en el que pasada la bendici\u00f3n, las cruces son colocadas en lo alto de la obra en construcci\u00f3n.<\/p>\n\n\n\n<figure class=\"wp-block-image\"><img decoding=\"async\" src=\"https:\/\/lh5.googleusercontent.com\/fikv2MTPGFvEq6jGmFOFRG5i6ekGFqeC8YCXronZKaNHpbdVwdugEUAn6gRRJr5HD1h6wEy0AMHUMJlyNkAuivuaSuI9FMbfXhLp73VBuLnUZd-OBaSTiWiWdE72TE0zTXHvMuQ\" alt=\"\"\/><figcaption>Pl\u00e1cido, un alba\u00f1il que construye una casa en San Juan Tizahuapan, lleva a bendecir dos cruces en el marco de la celebraci\u00f3n.<br>Por: Karina Mart\u00ednez<\/figcaption><\/figure>\n\n\n\n<figure class=\"wp-block-image\"><img decoding=\"async\" src=\"https:\/\/lh5.googleusercontent.com\/R_cmz-yF5tJ9dLhtb8u6m744nsQcb8cMe_kqfqbi2TgMSYi6y1p-s3-nd9YW5_MoDPPWwk5MHEx2fmXo9MJjoYq7lv8SSRe94hLT2Avv7NNLUTm4S7KHT3ePLnWl5ibPJCBLgBQ\" alt=\"\"\/><figcaption>Un feligr\u00e9s sale de misa de doce con su cruz bendecida, mientras a su lado la multitud espera formada en la fila, para poder entrar a la siguiente celebraci\u00f3n.<br>Por: Karina Mart\u00ednez<\/figcaption><\/figure>\n\n\n\n<figure class=\"wp-block-image\"><img decoding=\"async\" src=\"https:\/\/lh4.googleusercontent.com\/tv3gOvuu7_FhMBlia4s3wi3XgWB45pL6FCigjpuHOuAtLXkoaGznHFccJMrxyIgHhIuDt3JOJp1HiFx6qGr4EC5S14XBkivS-FfLjGWQLfgP7h0idiYGv5Xs2DRzNp9t3vIurJQ\" alt=\"\"\/><figcaption>Para las celebraciones de la tarde no hay filas, por lo que las personas acceden r\u00e1pida y directamente a la Iglesia. Una mujer camina en esa direcci\u00f3n, mientras carga su cruz.<br>Por: Aylin Sim\u00f3n<\/figcaption><\/figure>\n\n\n\n<figure class=\"wp-block-image\"><img decoding=\"async\" src=\"https:\/\/lh3.googleusercontent.com\/emFZAgAk7m44RkcQuPbd5_h98zMRgN1e2lHHvtVxS7BeJ_Ra-M_FmvMpNqUmksyvKklAYxc01VYnR7ML8rL54nmav3d-Nb61HMz9LefW72VZD4V8AYgZFtfQKBDcSOlD2mQsvDQ\" alt=\"\"\/><figcaption>Esta tradici\u00f3n cat\u00f3lica tiene su origen en el descubrimiento en el Monte Calvario,\u00a0 donde se hallaron tres cruces un tres de mayo del a\u00f1o 236. Esto a ra\u00edz de que\u00a0 Helena de Constantinopla ordenar\u00e1 buscar la cruz donde Cristo muri\u00f3.<br>Por: Aylin Sim\u00f3n<\/figcaption><\/figure>\n\n\n\n<figure class=\"wp-block-image\"><img decoding=\"async\" src=\"https:\/\/lh3.googleusercontent.com\/aCOUmgjkhEGmES9LoITt_yZX_QtM_FAmhJJ1vljNbJxMfjUT802QzTDZ3S07D-9DtV7_iwf1yw4VsIdRC2lHhRTsXaVFE6AJRheAfFH_5Fy8Wo13Lh0sZPnvBnRDjoGUz0wW4-M\" alt=\"\"\/><figcaption>Hay varias teor\u00edas que hablan sobre la celebraci\u00f3n del d\u00eda del alba\u00f1il, una de ellas dice que se celebra porque para la b\u00fasqueda de la cruz, se demoli\u00f3 un templo que estaba construido en el Monte Calvario, este fue derribado por miles de alba\u00f1iles.\u00a0<br>Por: Aylin Sim\u00f3n <\/figcaption><\/figure>\n\n\n\n<figure class=\"wp-block-image\"><img decoding=\"async\" src=\"https:\/\/lh3.googleusercontent.com\/lJnb8Q_ZHFuSTptG_Xx7Jl_thIWix_rp4GjTy-ZYqECI0406pEKhF0mMxcWxqk9Y7iUJmfcXGwb7qRH_p9QBPgVBN9I_n--qVYr6xpBjkeKrruylA-C4fePyXcAbkRemLn6qwwA\" alt=\"\"\/><figcaption>Una mujer acomoda las flores que adornan su cruz en la \u00faltima banca que est\u00e1 dentro de la iglesia, el lugar que la antecede est\u00e1 vac\u00edo como una medida para mantener la sana distancia.\u00a0<br>Por: Aylin Sim\u00f3n<\/figcaption><\/figure>\n\n\n\n<figure class=\"wp-block-image\"><img decoding=\"async\" src=\"https:\/\/lh5.googleusercontent.com\/PwM7MZ8vEyTaOpcGhvpmxRc-M-WKvfhjhauwNAUuVmob5l5483DzmCX6wMhhVGN8D5tNVn9WH8B4EHYoQ8FOrpCKPVQ8W2bKrDj-p6bVoJDoFHuM6xumOkMXIaHGKHNgEYg9My8\" alt=\"\"\/><figcaption>La se\u00f1ora Patricia, que se dedica a vender y adornar cruces, arregla una de ellas. Los precios por vestirlas van desde los 35 hasta los 80 pesos.\u00a0<br>Karina Mart\u00ednez<\/figcaption><\/figure>\n","protected":false},"excerpt":{"rendered":"<p>Texto: Karina Mart\u00ednez Res\u00e9ndiz Fotograf\u00edas: Karina Mart\u00ednez Res\u00e9ndiz y Aylin Sim\u00f3n fuentes Un a\u00f1o despu\u00e9s de la pandemia los cohetes resuenan en el cielo, el repique de las campanas hace su llamado y congrega a cientos de personas que llevan cruces en sus manos. Los alba\u00f1iles son quienes m\u00e1s acuden en el el marco de [&hellip;]<\/p>\n","protected":false},"author":93,"featured_media":162502,"comment_status":"closed","ping_status":"open","sticky":false,"template":"","format":"standard","meta":{"footnotes":""},"categories":[15,59],"tags":[],"class_list":["post-162485","post","type-post","status-publish","format-standard","has-post-thumbnail","hentry","category-destacadas","category-general"],"_links":{"self":[{"href":"https:\/\/plazajuarez.mx\/historico\/wp-json\/wp\/v2\/posts\/162485","targetHints":{"allow":["GET"]}}],"collection":[{"href":"https:\/\/plazajuarez.mx\/historico\/wp-json\/wp\/v2\/posts"}],"about":[{"href":"https:\/\/plazajuarez.mx\/historico\/wp-json\/wp\/v2\/types\/post"}],"author":[{"embeddable":true,"href":"https:\/\/plazajuarez.mx\/historico\/wp-json\/wp\/v2\/users\/93"}],"replies":[{"embeddable":true,"href":"https:\/\/plazajuarez.mx\/historico\/wp-json\/wp\/v2\/comments?post=162485"}],"version-history":[{"count":0,"href":"https:\/\/plazajuarez.mx\/historico\/wp-json\/wp\/v2\/posts\/162485\/revisions"}],"wp:featuredmedia":[{"embeddable":true,"href":"https:\/\/plazajuarez.mx\/historico\/wp-json\/wp\/v2\/media\/162502"}],"wp:attachment":[{"href":"https:\/\/plazajuarez.mx\/historico\/wp-json\/wp\/v2\/media?parent=162485"}],"wp:term":[{"taxonomy":"category","embeddable":true,"href":"https:\/\/plazajuarez.mx\/historico\/wp-json\/wp\/v2\/categories?post=162485"},{"taxonomy":"post_tag","embeddable":true,"href":"https:\/\/plazajuarez.mx\/historico\/wp-json\/wp\/v2\/tags?post=162485"}],"curies":[{"name":"wp","href":"https:\/\/api.w.org\/{rel}","templated":true}]}}