{"id":162387,"date":"2021-05-04T07:31:15","date_gmt":"2021-05-04T12:31:15","guid":{"rendered":"https:\/\/plazajuarez.mx\/?p=162387"},"modified":"2021-05-04T07:31:28","modified_gmt":"2021-05-04T12:31:28","slug":"por-covid-70-por-ciento-de-academias-de-danza-han-cerrado","status":"publish","type":"post","link":"https:\/\/plazajuarez.mx\/historico\/por-covid-70-por-ciento-de-academias-de-danza-han-cerrado\/","title":{"rendered":"Por Covid, 70 por ciento de academias de danza han cerrado"},"content":{"rendered":"\n<p>En entrevista para Diario Plaza Ju\u00e1rez, Enrique del Castillo; fundador y director general del Festival del D\u00eda Internacional de la Danza Hidalgo (FIDH) y de la Comunidad Danc\u00edstica del Estado de Hidalgo (CDEH); expres\u00f3, que derivado de la pandemia por covid 19, el 70 por ciento de academias danc\u00edsticas cerr\u00f3 por completo, afectando a \u201cm\u00e1s de 2 mil personas, entre ni\u00f1os, j\u00f3venes y adultos mayores, que disfrutan de los beneficios de la danza\u201d.&nbsp;<\/p>\n\n\n\n<p>Explic\u00f3 que como una medida para recuperar estos espacios, se est\u00e1 trabajando, junto a la Secretar\u00eda de Cultura, en un proyecto de reactivaci\u00f3n econ\u00f3mica del sector art\u00edstico cultural, que entrar\u00e1 \u201cuna vez que se concluya o que por lo menos tengamos un 80 por ciento de la poblaci\u00f3n ya vacunada. El programa busca mediante la utilizaci\u00f3n de espacios p\u00fablicos, acercar la danza y \u201crecuperar el \u00e1nimo social a trav\u00e9s de la actividad art\u00edstico-cultural\u201d.<\/p>\n\n\n\n<p>Expres\u00f3 que las personas no solo podr\u00e1n ver las presentaciones que se hagan, pues podr\u00e1n bailar, ya que \u201ccomo una aportaci\u00f3n de la comunidad art\u00edstica del estado de Hidalgo, vamos a brindar talleres gratuitos en nuestras presentaciones\u201d, esto dentro de las actividades que se contemplan en esta reactivaci\u00f3n.&nbsp;<\/p>\n\n\n\n<p>Tambi\u00e9n para generar \u201cnuevamente el consumo cultural y pues los que cerraron su academia se vean beneficiados\u201d, explic\u00f3 el core\u00f3grafo y promotor cultural, que de igual manera, planea impulsar a trav\u00e9s de este tipo de eventos, la econom\u00eda en diversos empleos.<\/p>\n","protected":false},"excerpt":{"rendered":"<p>En entrevista para Diario Plaza Ju\u00e1rez, Enrique del Castillo; fundador y director general del Festival del D\u00eda Internacional de la Danza Hidalgo (FIDH) y de la Comunidad Danc\u00edstica del Estado de Hidalgo (CDEH); expres\u00f3, que derivado de la pandemia por covid 19, el 70 por ciento de academias danc\u00edsticas cerr\u00f3 por completo, afectando a \u201cm\u00e1s [&hellip;]<\/p>\n","protected":false},"author":93,"featured_media":162388,"comment_status":"closed","ping_status":"open","sticky":false,"template":"","format":"standard","meta":{"footnotes":""},"categories":[59],"tags":[],"class_list":["post-162387","post","type-post","status-publish","format-standard","has-post-thumbnail","hentry","category-general"],"_links":{"self":[{"href":"https:\/\/plazajuarez.mx\/historico\/wp-json\/wp\/v2\/posts\/162387","targetHints":{"allow":["GET"]}}],"collection":[{"href":"https:\/\/plazajuarez.mx\/historico\/wp-json\/wp\/v2\/posts"}],"about":[{"href":"https:\/\/plazajuarez.mx\/historico\/wp-json\/wp\/v2\/types\/post"}],"author":[{"embeddable":true,"href":"https:\/\/plazajuarez.mx\/historico\/wp-json\/wp\/v2\/users\/93"}],"replies":[{"embeddable":true,"href":"https:\/\/plazajuarez.mx\/historico\/wp-json\/wp\/v2\/comments?post=162387"}],"version-history":[{"count":0,"href":"https:\/\/plazajuarez.mx\/historico\/wp-json\/wp\/v2\/posts\/162387\/revisions"}],"wp:featuredmedia":[{"embeddable":true,"href":"https:\/\/plazajuarez.mx\/historico\/wp-json\/wp\/v2\/media\/162388"}],"wp:attachment":[{"href":"https:\/\/plazajuarez.mx\/historico\/wp-json\/wp\/v2\/media?parent=162387"}],"wp:term":[{"taxonomy":"category","embeddable":true,"href":"https:\/\/plazajuarez.mx\/historico\/wp-json\/wp\/v2\/categories?post=162387"},{"taxonomy":"post_tag","embeddable":true,"href":"https:\/\/plazajuarez.mx\/historico\/wp-json\/wp\/v2\/tags?post=162387"}],"curies":[{"name":"wp","href":"https:\/\/api.w.org\/{rel}","templated":true}]}}