{"id":162373,"date":"2021-05-04T07:19:53","date_gmt":"2021-05-04T12:19:53","guid":{"rendered":"https:\/\/plazajuarez.mx\/?p=162373"},"modified":"2021-05-04T07:20:08","modified_gmt":"2021-05-04T12:20:08","slug":"mas-nos-vale-a-los-priistas-estar-unidos-mao","status":"publish","type":"post","link":"https:\/\/plazajuarez.mx\/historico\/mas-nos-vale-a-los-priistas-estar-unidos-mao\/","title":{"rendered":"&#8220;M\u00e1s nos vale a los pri\u00edstas, estar unidos: MAO&#8221;"},"content":{"rendered":"\n<p>Con el objetivo de respaldar a candidatos y candidatas de la coalici\u00f3n Va por M\u00e9xico que integran el Partido Revolucionario Institucional (PRI), Partido de la Revoluci\u00f3n Democr\u00e1tica (PRD) y el Partido Acci\u00f3n Nacional (PAN), senadores de la rep\u00fablica acudieron a la entidad a fin de consolidar el pr\u00f3ximo 6 de junio el \u201cequilibrio\u201d de fuerzas pol\u00edticas en la C\u00e1mara de Diputados Federal.<\/p>\n\n\n\n<p>Al respecto, el senador de la rep\u00fablica, Miguel \u00c1ngel Osorio Chong, se\u00f1al\u00f3 que el pr\u00f3ximo 6 de junio es necesario lograr un equilibrio no s\u00f3lo en el Congreso federal sino en la C\u00e1mara de Diputados de Hidalgo y en las gubernaturas que est\u00e1n en disputa en otros estados del pa\u00eds, \u201choy esta alianza nos obliga ver m\u00e1s all\u00e1 y centrar el objetivo en M\u00e9xico\u2026 m\u00e1s nos vale estar unidos\u201d, asegur\u00f3.<\/p>\n\n\n\n<p>De igual forma apunt\u00f3 que con la estrategia Va por M\u00e9xico, esperan que los partidos pol\u00edticos que las conforman mantengan su posici\u00f3n en el Congreso de la Uni\u00f3n, y no descart\u00f3 que el PRI se recupere como segunda fuerza pol\u00edtica en estas elecciones; sin embargo enfatiz\u00f3 que lo primordial es hacer frente a lo que sucede en el plano nacional: \u201choy estamos trabajando juntos para evitar que pasen acciones que vulneran el desarrollo de las familias mexicanas y lesionan los derechos fundamentales\u201d, dijo.<\/p>\n\n\n\n<p>En la conferencia de prensa estuvieron presentes los dirigentes estatales de los partidos PRI, PRD, PAN, as\u00ed como senadores y senadoras entre los que destacaron Nuvia Mayorga Delgado, Eruviel \u00c1vila y Miguel \u00c1ngel Mancera.<\/p>\n","protected":false},"excerpt":{"rendered":"<p>Con el objetivo de respaldar a candidatos y candidatas de la coalici\u00f3n Va por M\u00e9xico que integran el Partido Revolucionario Institucional (PRI), Partido de la Revoluci\u00f3n Democr\u00e1tica (PRD) y el Partido Acci\u00f3n Nacional (PAN), senadores de la rep\u00fablica acudieron a la entidad a fin de consolidar el pr\u00f3ximo 6 de junio el \u201cequilibrio\u201d de fuerzas [&hellip;]<\/p>\n","protected":false},"author":72,"featured_media":162374,"comment_status":"closed","ping_status":"open","sticky":false,"template":"","format":"standard","meta":{"footnotes":""},"categories":[15,59],"tags":[],"class_list":["post-162373","post","type-post","status-publish","format-standard","has-post-thumbnail","hentry","category-destacadas","category-general"],"_links":{"self":[{"href":"https:\/\/plazajuarez.mx\/historico\/wp-json\/wp\/v2\/posts\/162373","targetHints":{"allow":["GET"]}}],"collection":[{"href":"https:\/\/plazajuarez.mx\/historico\/wp-json\/wp\/v2\/posts"}],"about":[{"href":"https:\/\/plazajuarez.mx\/historico\/wp-json\/wp\/v2\/types\/post"}],"author":[{"embeddable":true,"href":"https:\/\/plazajuarez.mx\/historico\/wp-json\/wp\/v2\/users\/72"}],"replies":[{"embeddable":true,"href":"https:\/\/plazajuarez.mx\/historico\/wp-json\/wp\/v2\/comments?post=162373"}],"version-history":[{"count":0,"href":"https:\/\/plazajuarez.mx\/historico\/wp-json\/wp\/v2\/posts\/162373\/revisions"}],"wp:featuredmedia":[{"embeddable":true,"href":"https:\/\/plazajuarez.mx\/historico\/wp-json\/wp\/v2\/media\/162374"}],"wp:attachment":[{"href":"https:\/\/plazajuarez.mx\/historico\/wp-json\/wp\/v2\/media?parent=162373"}],"wp:term":[{"taxonomy":"category","embeddable":true,"href":"https:\/\/plazajuarez.mx\/historico\/wp-json\/wp\/v2\/categories?post=162373"},{"taxonomy":"post_tag","embeddable":true,"href":"https:\/\/plazajuarez.mx\/historico\/wp-json\/wp\/v2\/tags?post=162373"}],"curies":[{"name":"wp","href":"https:\/\/api.w.org\/{rel}","templated":true}]}}