{"id":162369,"date":"2021-05-04T07:06:20","date_gmt":"2021-05-04T12:06:20","guid":{"rendered":"https:\/\/plazajuarez.mx\/?p=162369"},"modified":"2021-05-04T07:17:49","modified_gmt":"2021-05-04T12:17:49","slug":"laguna-de-voces-723","status":"publish","type":"post","link":"https:\/\/plazajuarez.mx\/historico\/laguna-de-voces-723\/","title":{"rendered":"LAGUNA DE VOCES"},"content":{"rendered":"\n<h2 class=\"wp-block-heading\"><strong>Vida artificial para un encierro real<\/strong><\/h2>\n\n\n\n<p>Es f\u00e1cil, absolutamente f\u00e1cil hacerse adicto a la televisi\u00f3n y las redes sociales. Se turnan las actividades. Recorrer todos los canales sin que uno solo resulte atractivo es una costumbre que un gran n\u00famero de personas practica, y si por asuntos personales se tiene que estar enclaustrado tres o cuatro d\u00edas en la casa, todav\u00eda peor. La vida puede seguir afuera, con los autom\u00f3viles que pasan como alma que lleva el diablo en el Bonfil, el Colosio, el Felipe \u00c1ngeles, pero para quien tiene como acompa\u00f1ante fiel el televisor, la escena se reduce al n\u00famero de pulgadas del aparato.<\/p>\n\n\n\n<p>Cuando llega el cansancio existe la posibilidad de abrir la computadora o el tel\u00e9fono,&nbsp; husmear en el facebook, hasta descubrir que tal ya se hizo amiga de este u otro, que alguien est\u00e1 con antojo de un caf\u00e9, que otro m\u00e1s se ha convertido en pastor de una nueva iglesia y por lo tanto lo que escribe es por inspiraci\u00f3n divina.<\/p>\n\n\n\n<p>Todo resulta un espacio propio para mirar, mirar y mirar, y a veces opinar con una manita que aprueba lo escrito.<\/p>\n\n\n\n<p>En la televisi\u00f3n el asunto es otro. Series y m\u00e1s series que tratan de c\u00f3mo un grupo de ingenieros y doctores en f\u00edsica pueden resultar comediantes, la repetici\u00f3n por 40 ocasi\u00f3n de los Friends, de la Nana Fain, en fin, que ya conozco toda la programaci\u00f3n.<\/p>\n\n\n\n<p>Por supuesto el Netflix, el amazon, ahora el Disney, que son plataformas atiborradas de pel\u00edculas, series al por mayor y aventuras elaborada con fondos de pantalla verde o azul.<\/p>\n\n\n\n<p>Leer se antoja poco, o tal vez el asunto es que abandonado ese h\u00e1bito, para recuperarlo uno deber\u00eda volver a nacer.<\/p>\n\n\n\n<p>Ser\u00e1 pues necesario un esfuerzo doble una vez que termine el encierro.<\/p>\n\n\n\n<p>Ahorita mismo veo un cap\u00edtulo repetido donde aparecen los de siempre en la serie de siempre, con todo y que se desde el Netflix las cosas cambiaron. Son parte de las ma\u00f1anas, tardes, noches y hasta madrugadas.<\/p>\n\n\n\n<p>Miro hacia el jard\u00edn y estoy seguro que debe existir otro mundo m\u00e1s all\u00e1 de la pantalla del televisor. Lo quiero creer, lo quiero pensar, porque de otro modo un d\u00eda cualquiera desaparecer\u00e9 en el televisor, y encontrar\u00e9 por supuesto a muchos otros que corrieron similar destino.<\/p>\n\n\n\n<p>Seguramente al rato husmear\u00e9 una vez m\u00e1s en el face book, ver\u00e9 lo mismo de hace rato, las presunciones de unos, los mensajes sinceros de otros. Con un denominador com\u00fan: en ninguno de los casos hay personas de carne y hueso.<\/p>\n\n\n\n<p>Ya pasar\u00e1 todo esto, me lo digo, y estoy seguro que as\u00ed suceder\u00e1.<\/p>\n\n\n\n<p><strong>Mil gracias, hasta ma\u00f1ana.<\/strong><\/p>\n\n\n\n<p><a href=\"mailto:jeperalta@plazajuarez.mx\/historico\/historico\">jeperalta@plazajuarez.mx\/historico\/historico<\/a><\/p>\n\n\n\n<p>@JavierEPeralta<\/p>\n","protected":false},"excerpt":{"rendered":"<p>Vida artificial para un encierro real Es f\u00e1cil, absolutamente f\u00e1cil hacerse adicto a la televisi\u00f3n y las redes sociales. Se turnan las actividades. Recorrer todos los canales sin que uno solo resulte atractivo es una costumbre que un gran n\u00famero de personas practica, y si por asuntos personales se tiene que estar enclaustrado tres o [&hellip;]<\/p>\n","protected":false},"author":10,"featured_media":154735,"comment_status":"closed","ping_status":"open","sticky":false,"template":"","format":"standard","meta":{"footnotes":""},"categories":[49,42],"tags":[],"class_list":["post-162369","post","type-post","status-publish","format-standard","has-post-thumbnail","hentry","category-javier-peralta","category-nuestrapalabra"],"_links":{"self":[{"href":"https:\/\/plazajuarez.mx\/historico\/wp-json\/wp\/v2\/posts\/162369","targetHints":{"allow":["GET"]}}],"collection":[{"href":"https:\/\/plazajuarez.mx\/historico\/wp-json\/wp\/v2\/posts"}],"about":[{"href":"https:\/\/plazajuarez.mx\/historico\/wp-json\/wp\/v2\/types\/post"}],"author":[{"embeddable":true,"href":"https:\/\/plazajuarez.mx\/historico\/wp-json\/wp\/v2\/users\/10"}],"replies":[{"embeddable":true,"href":"https:\/\/plazajuarez.mx\/historico\/wp-json\/wp\/v2\/comments?post=162369"}],"version-history":[{"count":0,"href":"https:\/\/plazajuarez.mx\/historico\/wp-json\/wp\/v2\/posts\/162369\/revisions"}],"wp:featuredmedia":[{"embeddable":true,"href":"https:\/\/plazajuarez.mx\/historico\/wp-json\/wp\/v2\/media\/154735"}],"wp:attachment":[{"href":"https:\/\/plazajuarez.mx\/historico\/wp-json\/wp\/v2\/media?parent=162369"}],"wp:term":[{"taxonomy":"category","embeddable":true,"href":"https:\/\/plazajuarez.mx\/historico\/wp-json\/wp\/v2\/categories?post=162369"},{"taxonomy":"post_tag","embeddable":true,"href":"https:\/\/plazajuarez.mx\/historico\/wp-json\/wp\/v2\/tags?post=162369"}],"curies":[{"name":"wp","href":"https:\/\/api.w.org\/{rel}","templated":true}]}}