{"id":162222,"date":"2021-05-03T06:54:45","date_gmt":"2021-05-03T11:54:45","guid":{"rendered":"https:\/\/plazajuarez.mx\/?p=162222"},"modified":"2021-05-03T06:55:01","modified_gmt":"2021-05-03T11:55:01","slug":"alfil-negro-2069","status":"publish","type":"post","link":"https:\/\/plazajuarez.mx\/historico\/alfil-negro-2069\/","title":{"rendered":"ALFIL NEGRO"},"content":{"rendered":"\n<h2 class=\"wp-block-heading\"><strong>EL MEXE Y LA CNTE<\/strong><\/h2>\n\n\n\n<p>La escuela normal Luis Villarreal &#8220;El Mexe&#8221;, cerrada en julio del 2008 por razones que en su momento se explicaron con suficiencia y entre las que se contaba una serie de acciones que para muchos eran vandalismo, con tintes de una supuesta actitud ideol\u00f3gica y denunciadas por muchos organismos, podr\u00eda ser reabierta, aunque seguramente con una serie de condicionantes que busquen excelencia en la formaci\u00f3n de maestros y restarle actitudes que en su momento llegaron a considerarse agresiones contra la sociedad.<\/p>\n\n\n\n<p>La normal desde luego cumpl\u00eda una salida buena a la necesidad de darles oportunidades de formaci\u00f3n a quienes de otra manera no la tendr\u00edan, y desde ese \u00e1ngulo cumpli\u00f3 con una labor que todos reconocen.<\/p>\n\n\n\n<p>Parece que el problema se dio cuando los alumnos y se supone con el apoyo de otros personajes, iniciaron con actitudes que se pueden entender como naturales en j\u00f3venes inquietos, pero que se encaminaron despu\u00e9s por hechos que lastimaron la tranquilidad y paz de la sociedad y actitudes que para muchos rebasaron la cuna estudiantil para convertirse en otra cosa.<\/p>\n\n\n\n<p>Ahora se busca que vuelva a abrir sus puertas con el compromiso presidencial de que as\u00ed ser\u00e1, lo que provoc\u00f3 que la CNTE se asumiera como due\u00f1a del caso, con propuestas que van desde la fijaci\u00f3n de asignaturas hasta incidir en el organigrama de la normal cuando abra, es decir sin que nadie les haya entregado esta decisi\u00f3n ya se apuntan para ser los que la manejen cuando se d\u00e9 la posibilidad.<\/p>\n\n\n\n<p>Por cierto que la CNTE no deja dudas del camino que le dar\u00eda al Mexe.&nbsp;<\/p>\n\n\n\n<p>Con su lenguaje de &#8220;compa\u00f1eros revolucionarios&#8221;, &#8220;saludos combativos&#8221; y sus cantos como &#8220;venceremos&#8221; que fue un \u00e9xito sobre todo motivacional e ideol\u00f3gico en tiempos de Salvador Allende en Chile y consignas que hablan de otros tiempos.<\/p>\n\n\n\n<p>Llaman la atenci\u00f3n por desfasadas sus frases tomadas de la Revoluci\u00f3n Cubana, como la frase final de la carta del \u201cChe\u201d Guevara cuando deja Cuba y le\u00edda por Fidel en el teatro Chaplin de la Habana el 3 de octubre de 1965: &#8220;hasta la victoria siempre, patria o muerte&#8221;,&nbsp; que algo debe significar.<\/p>\n\n\n\n<p>Muchas cosas pasar\u00e1n todav\u00eda sobre el tema del Mexe, pero lo que se ve es que ya aparecieron due\u00f1os del caso.<\/p>\n\n\n\n<p>Ojal\u00e1 y se decida lo mejor para todos.<\/p>\n","protected":false},"excerpt":{"rendered":"<p>EL MEXE Y LA CNTE La escuela normal Luis Villarreal &#8220;El Mexe&#8221;, cerrada en julio del 2008 por razones que en su momento se explicaron con suficiencia y entre las que se contaba una serie de acciones que para muchos eran vandalismo, con tintes de una supuesta actitud ideol\u00f3gica y denunciadas por muchos organismos, podr\u00eda [&hellip;]<\/p>\n","protected":false},"author":83,"featured_media":154739,"comment_status":"closed","ping_status":"open","sticky":false,"template":"","format":"standard","meta":{"footnotes":""},"categories":[48,42],"tags":[],"class_list":["post-162222","post","type-post","status-publish","format-standard","has-post-thumbnail","hentry","category-adalberto-peralta","category-nuestrapalabra"],"_links":{"self":[{"href":"https:\/\/plazajuarez.mx\/historico\/wp-json\/wp\/v2\/posts\/162222","targetHints":{"allow":["GET"]}}],"collection":[{"href":"https:\/\/plazajuarez.mx\/historico\/wp-json\/wp\/v2\/posts"}],"about":[{"href":"https:\/\/plazajuarez.mx\/historico\/wp-json\/wp\/v2\/types\/post"}],"author":[{"embeddable":true,"href":"https:\/\/plazajuarez.mx\/historico\/wp-json\/wp\/v2\/users\/83"}],"replies":[{"embeddable":true,"href":"https:\/\/plazajuarez.mx\/historico\/wp-json\/wp\/v2\/comments?post=162222"}],"version-history":[{"count":0,"href":"https:\/\/plazajuarez.mx\/historico\/wp-json\/wp\/v2\/posts\/162222\/revisions"}],"wp:featuredmedia":[{"embeddable":true,"href":"https:\/\/plazajuarez.mx\/historico\/wp-json\/wp\/v2\/media\/154739"}],"wp:attachment":[{"href":"https:\/\/plazajuarez.mx\/historico\/wp-json\/wp\/v2\/media?parent=162222"}],"wp:term":[{"taxonomy":"category","embeddable":true,"href":"https:\/\/plazajuarez.mx\/historico\/wp-json\/wp\/v2\/categories?post=162222"},{"taxonomy":"post_tag","embeddable":true,"href":"https:\/\/plazajuarez.mx\/historico\/wp-json\/wp\/v2\/tags?post=162222"}],"curies":[{"name":"wp","href":"https:\/\/api.w.org\/{rel}","templated":true}]}}