{"id":162218,"date":"2021-05-03T06:53:22","date_gmt":"2021-05-03T11:53:22","guid":{"rendered":"https:\/\/plazajuarez.mx\/?p=162218"},"modified":"2021-05-03T06:53:38","modified_gmt":"2021-05-03T11:53:38","slug":"retratos-hablados-1053","status":"publish","type":"post","link":"https:\/\/plazajuarez.mx\/historico\/retratos-hablados-1053\/","title":{"rendered":"RETRATOS HABLADOS"},"content":{"rendered":"\n<h2 class=\"wp-block-heading\"><strong>Un cami\u00f3n al despe\u00f1adero<\/strong><\/h2>\n\n\n\n<p>Inmersos en una espiral de incredulidad, los mexicanos no saben a ciencia cierta hacia d\u00f3nde camina el pa\u00eds, y si la apuesta que hicieron por una transformaci\u00f3n tenga algo que ver con la dram\u00e1tica realidad cada vez m\u00e1s complicada, tampoco saben si la \u00fanica apuesta es seguir por el mismo rumbo marcado por la 4T sin importar nos conduzca a un voladero, o bien regresar a lo de antes.&nbsp;<\/p>\n\n\n\n<p>Es lamentable que con una visi\u00f3n tan de estudiante del CCH de hace tantos a\u00f1os, cuando los compa\u00f1eros \u201crevolucionarios\u201d pasaban a las aulas para arengar por el camino de la revoluci\u00f3n, no sin antes advertir que dos o tres generaciones tendr\u00edan que sacrificarse para cristalizar el ideal de la igualdad, se d\u00e9 por hecho que los miles de muertos por el Covid-19 simplemente eran y son da\u00f1os colaterales por un bien superior.<\/p>\n\n\n\n<p>Pero no son \u00fanicamente los difuntos de la pandemia, sino los muertos en vida que hoy mismo no saben con claridad lo que puede depararles una econom\u00eda deprimida, una p\u00e9rdida brutal de empleos y, peor a\u00fan, un ejercicio pol\u00edtico con lo m\u00e1s vil y c\u00ednico del sistema, que se supone iban a dejar en el olvido. No solo no hay cambio, sino que en un af\u00e1n, hasta absurdo, pareciera que buscan a toda costa confirmar que en efecto, era realidad la campa\u00f1a de un espa\u00f1ol tra\u00eddo con ese fin, y que advirti\u00f3 que eran un peligro para M\u00e9xico.<\/p>\n\n\n\n<p>No se entiende, no entiendo, pocos entienden, a d\u00f3nde pretenden tirar el bono absoluto de credibilidad y confianza que recibieron en los pasados comicios presidenciales. Lo m\u00e1s lamentable es que no pretenden\u2026 ya lo hicieron.<\/p>\n\n\n\n<p>En tanto, siguen las campa\u00f1as previas a los comicios del mes de junio. Ya nadie, a estas alturas, se sorprende si la hija de un impresentable candidato es colocada para sustituir al personaje citado; \u00bfqu\u00e9 se podr\u00eda esperar de una pol\u00edtica inepta e irresponsable para combatir el virus, que hoy mismo es responsable de la muerte de casi un cuarto de mill\u00f3n de personas?<\/p>\n\n\n\n<p>\u00bfQu\u00e9 puede decirle un abanderado del partido presidencial a quien perdi\u00f3 un ser querido, tragedia que hoy padecen m\u00e1s de 217 mil familias que de pronto simplemente vieron desaparecer a un familiar?<\/p>\n\n\n\n<p>No podemos en estos tiempos enganchar nuestro presente y futuro a mitos, porque los mitos son eso: mitos. Cumplieron sin duda su cometido, su capacidad de generar sue\u00f1os, pero que sucumben ante la amarga realidad de un pa\u00eds que se qued\u00f3 indefenso ante una pandemia y autoridades ineptas.<\/p>\n\n\n\n<p>Al final del d\u00eda, el \u00fanico sue\u00f1o al que podemos aspirar es al que re\u00fane con vida y sanos a cada uno de los seres queridos y amados con que contamos; porque la vida, de por s\u00ed fr\u00e1gil, se hace todav\u00eda m\u00e1s cuando a la emergencia se responde con ocurrencias y risas de un personaje que ya no representa camino alguno hacia una sociedad m\u00e1s igualitaria.<\/p>\n\n\n\n<p>Ha pasado lo de siempre, aunque uno quiera negarlo. El poder est\u00e1 hecho para quien puede ver sin obsesiones la realidad. Nada garantiza que quien llegue no caiga en la misma locura, y que como siempre use a la corte de lacayos que tiene a su lado para auto erigirse como Supremo Dios del destino.<\/p>\n\n\n\n<p>Algo grave ha pasado en este a\u00f1o y medio que simplemente nos devuelve a la realidad, donde cada vez son menos los que desean empujar el autob\u00fas del pa\u00eds a un despe\u00f1adero, y todav\u00eda cantar alabanzas al chofer que cree con absoluta vehemencia que el camino al cambio empieza por el sacrificio de dos o tres generaciones.<\/p>\n\n\n\n<p>Mil gracias, hasta ma\u00f1ana.<\/p>\n\n\n\n<p><a href=\"mailto:jeperalta@plazajuarez.mx\/historico\/historico\">jeperalta@plazajuarez.mx\/historico\/historico<\/a><\/p>\n\n\n\n<p>@JavierEPeralta<\/p>\n","protected":false},"excerpt":{"rendered":"<p>Un cami\u00f3n al despe\u00f1adero Inmersos en una espiral de incredulidad, los mexicanos no saben a ciencia cierta hacia d\u00f3nde camina el pa\u00eds, y si la apuesta que hicieron por una transformaci\u00f3n tenga algo que ver con la dram\u00e1tica realidad cada vez m\u00e1s complicada, tampoco saben si la \u00fanica apuesta es seguir por el mismo rumbo [&hellip;]<\/p>\n","protected":false},"author":10,"featured_media":154933,"comment_status":"closed","ping_status":"open","sticky":false,"template":"","format":"standard","meta":{"footnotes":""},"categories":[49,42],"tags":[],"class_list":["post-162218","post","type-post","status-publish","format-standard","has-post-thumbnail","hentry","category-javier-peralta","category-nuestrapalabra"],"_links":{"self":[{"href":"https:\/\/plazajuarez.mx\/historico\/wp-json\/wp\/v2\/posts\/162218","targetHints":{"allow":["GET"]}}],"collection":[{"href":"https:\/\/plazajuarez.mx\/historico\/wp-json\/wp\/v2\/posts"}],"about":[{"href":"https:\/\/plazajuarez.mx\/historico\/wp-json\/wp\/v2\/types\/post"}],"author":[{"embeddable":true,"href":"https:\/\/plazajuarez.mx\/historico\/wp-json\/wp\/v2\/users\/10"}],"replies":[{"embeddable":true,"href":"https:\/\/plazajuarez.mx\/historico\/wp-json\/wp\/v2\/comments?post=162218"}],"version-history":[{"count":0,"href":"https:\/\/plazajuarez.mx\/historico\/wp-json\/wp\/v2\/posts\/162218\/revisions"}],"wp:featuredmedia":[{"embeddable":true,"href":"https:\/\/plazajuarez.mx\/historico\/wp-json\/wp\/v2\/media\/154933"}],"wp:attachment":[{"href":"https:\/\/plazajuarez.mx\/historico\/wp-json\/wp\/v2\/media?parent=162218"}],"wp:term":[{"taxonomy":"category","embeddable":true,"href":"https:\/\/plazajuarez.mx\/historico\/wp-json\/wp\/v2\/categories?post=162218"},{"taxonomy":"post_tag","embeddable":true,"href":"https:\/\/plazajuarez.mx\/historico\/wp-json\/wp\/v2\/tags?post=162218"}],"curies":[{"name":"wp","href":"https:\/\/api.w.org\/{rel}","templated":true}]}}