{"id":162215,"date":"2021-05-03T06:51:57","date_gmt":"2021-05-03T11:51:57","guid":{"rendered":"https:\/\/plazajuarez.mx\/?p=162215"},"modified":"2021-05-03T06:52:11","modified_gmt":"2021-05-03T11:52:11","slug":"manana-empieza-la-vacunacion-contra-covid-19-en-adultos-de-50-a-59-anos","status":"publish","type":"post","link":"https:\/\/plazajuarez.mx\/historico\/manana-empieza-la-vacunacion-contra-covid-19-en-adultos-de-50-a-59-anos\/","title":{"rendered":"Ma\u00f1ana empieza la vacunaci\u00f3n contra Covid-19 en adultos de 50 a 59 a\u00f1os"},"content":{"rendered":"\n<p>De acuerdo con informaci\u00f3n de la Delegaci\u00f3n de Programas para el Bienestar Hidalgo, ma\u00f1ana iniciar\u00e1 la vacunaci\u00f3n contra Covid-19, para las personas del rango de edad de 50 a 59 a\u00f1os, en Mineral de la Reforma.<\/p>\n\n\n\n<p>Ser\u00e1n cuatro sedes de vacunaci\u00f3n: el Centro de Alto Rendimiento de la Providencia, el Polideportivo del CEUMH, M\u00f3dulo PRED en Campestre, y la Escuela Primaria H\u00e9roes de Chapultepec.<\/p>\n\n\n\n<p>Cabe destacar que las iniciales y horarios son los mismos para las diferentes sedes: el martes cuatro, corresponde a las iniciales A y B, de 8:30 a 10:30 horas y de 10:30 a 12:00, respectivamente.<\/p>\n\n\n\n<p>El mi\u00e9rcoles 5, toca el turnos a las letras C, D, E, F y G: de 8:00 a 11:00, 11:00 a 12:30, 12:30 a 13:00 y 13:00 a 16:00; el jueves 6, sigue la H, I, J, K, L, M, N, \u00d1, y O: de 8:00 a 10:00, 10:00 a 11:00, 11:00 a 12:30, 12:30 a 15:00 y 15:00 a 16:00.<\/p>\n\n\n\n<p>Mientras que el viernes 7, \u00faltimo d\u00eda, ser\u00e1n inoculadas las personas cuyos apellidos comiencen con las iniciales P, Q, R, S, T, U, V y W, X, Y o Z, en los horarios: 8:00 a 10:30, 10:30 a 12:00, 12:00 a 13:00, 13:00 a 15:00 y 15:00 a 16:00.<\/p>\n\n\n\n<p>Es importante se\u00f1alar que la vacunaci\u00f3n tambi\u00e9n se realizar\u00e1 en cinco municipios m\u00e1s: Zempoala, Tizayuca, Mineral del Chico, Mineral del Monte y Atitalaquia.<\/p>\n\n\n\n<p>Los documentos que deber\u00e1n presentar los interesados son: CURP, credencial de elector, n\u00famero de folio y el expediente de vacunaci\u00f3n que se brinda al registrarse en la plataforma mivacuna.salud.gob.mx.<\/p>\n","protected":false},"excerpt":{"rendered":"<p>De acuerdo con informaci\u00f3n de la Delegaci\u00f3n de Programas para el Bienestar Hidalgo, ma\u00f1ana iniciar\u00e1 la vacunaci\u00f3n contra Covid-19, para las personas del rango de edad de 50 a 59 a\u00f1os, en Mineral de la Reforma. Ser\u00e1n cuatro sedes de vacunaci\u00f3n: el Centro de Alto Rendimiento de la Providencia, el Polideportivo del CEUMH, M\u00f3dulo PRED [&hellip;]<\/p>\n","protected":false},"author":73,"featured_media":162216,"comment_status":"closed","ping_status":"open","sticky":false,"template":"","format":"standard","meta":{"footnotes":""},"categories":[15,59],"tags":[],"class_list":["post-162215","post","type-post","status-publish","format-standard","has-post-thumbnail","hentry","category-destacadas","category-general"],"_links":{"self":[{"href":"https:\/\/plazajuarez.mx\/historico\/wp-json\/wp\/v2\/posts\/162215","targetHints":{"allow":["GET"]}}],"collection":[{"href":"https:\/\/plazajuarez.mx\/historico\/wp-json\/wp\/v2\/posts"}],"about":[{"href":"https:\/\/plazajuarez.mx\/historico\/wp-json\/wp\/v2\/types\/post"}],"author":[{"embeddable":true,"href":"https:\/\/plazajuarez.mx\/historico\/wp-json\/wp\/v2\/users\/73"}],"replies":[{"embeddable":true,"href":"https:\/\/plazajuarez.mx\/historico\/wp-json\/wp\/v2\/comments?post=162215"}],"version-history":[{"count":0,"href":"https:\/\/plazajuarez.mx\/historico\/wp-json\/wp\/v2\/posts\/162215\/revisions"}],"wp:featuredmedia":[{"embeddable":true,"href":"https:\/\/plazajuarez.mx\/historico\/wp-json\/wp\/v2\/media\/162216"}],"wp:attachment":[{"href":"https:\/\/plazajuarez.mx\/historico\/wp-json\/wp\/v2\/media?parent=162215"}],"wp:term":[{"taxonomy":"category","embeddable":true,"href":"https:\/\/plazajuarez.mx\/historico\/wp-json\/wp\/v2\/categories?post=162215"},{"taxonomy":"post_tag","embeddable":true,"href":"https:\/\/plazajuarez.mx\/historico\/wp-json\/wp\/v2\/tags?post=162215"}],"curies":[{"name":"wp","href":"https:\/\/api.w.org\/{rel}","templated":true}]}}