{"id":161959,"date":"2021-04-29T13:21:35","date_gmt":"2021-04-29T18:21:35","guid":{"rendered":"https:\/\/plazajuarez.mx\/?p=161959"},"modified":"2021-04-29T13:21:49","modified_gmt":"2021-04-29T18:21:49","slug":"prometen-reparar-danos-del-templo-mayor-tras-granizada","status":"publish","type":"post","link":"https:\/\/plazajuarez.mx\/historico\/prometen-reparar-danos-del-templo-mayor-tras-granizada\/","title":{"rendered":"Prometen reparar da\u00f1os del Templo Mayor tras granizada"},"content":{"rendered":"\n<p>El presidente mexicano, Andr\u00e9s Manuel L\u00f3pez Obrador, prometi\u00f3 este jueves reparar los da\u00f1os en el Templo Mayor de Ciudad de M\u00e9xico tras la granizada que provoc\u00f3 el colapso del techo que cubre la zona arqueol\u00f3gica la noche anterior.<\/p>\n\n\n\n<p>&#8220;Desde luego que vamos a reparar la techumbre, se va seguramente a poner otra y con los arque\u00f3logos, los especialistas, si se presentaron da\u00f1os, se tiene que llevar a cabo la reconstrucci\u00f3n, el trabajo arqueol\u00f3gico necesario para reparar cualquier da\u00f1o\u201d, declar\u00f3 el mandatario.<\/p>\n\n\n\n<p>El presidente inform\u00f3 que la Secretar\u00eda de Cultura y el Instituto Nacional de Antropolog\u00eda e Historia (INAH) &#8220;desde anoche est\u00e1n trabajando para ver si no hubo da\u00f1os&#8221; despu\u00e9s de la tormenta que azot\u00f3 anoche a la capital del pa\u00eds y cubri\u00f3 de granizo las calles del Centro Hist\u00f3rico.<\/p>\n\n\n\n<p>El Templo Mayor, construido en 1325, era el principal centro religioso de los mexicas durante la \u00e9poca de Tenochtitlan.<\/p>\n\n\n\n<p>La Secretar\u00eda de Cultura afirm\u00f3 este jueves en un comunicado que no hay &#8220;da\u00f1os graves&#8221; en la zona arqueol\u00f3gica, que hab\u00eda reabierto apenas este martes bajo protocolos sanitarios luego de m\u00e1s de un a\u00f1o cerrado al p\u00fablico por la pandemia del coronavirus.<\/p>\n\n\n\n<p>&#8220;Despu\u00e9s de las valoraciones preliminares, se determin\u00f3 que existieron da\u00f1os en las estructuras de la techumbre y la barda perimetral; no obstante, las afectaciones en las estructuras prehisp\u00e1nicas son menores, recuperables y restaurables y de ello se ocupar\u00e1n las y los especialistas&#8221;, detall\u00f3.<\/p>\n\n\n\n<p>En el incidente result\u00f3 lesionado un polic\u00eda auxiliar del recinto, pero est\u00e1 en un hospital &#8220;donde se le reporta estable&#8221;, a\u00f1adi\u00f3 la dependencia.<\/p>\n\n\n\n<p>El director del proyecto Templo Mayor, el arque\u00f3logo Leonardo L\u00f3pez Luj\u00e1n, explic\u00f3 en Twitter que &#8220;no hay grandes da\u00f1os en el interior&#8221; tras una inspecci\u00f3n por &#8220;toda la periferia del edificio prehisp\u00e1nico&#8221;.<\/p>\n\n\n\n<p>En el recorrido estuvieron la secretaria de Cultura, Alejandra Frausto, y el director general del INAH, Diego Prieto Hern\u00e1ndez.<\/p>\n\n\n\n<p>&#8220;Ya les dimos un primer parte que los tranquiliz\u00f3. Ser\u00e1 momento de cambiar las cuatro cubiertas que instal\u00f3 Pedro Ram\u00edrez V\u00e1zquez (constructor del Museo del Templo Mayor en 1987)&#8221;, coment\u00f3 L\u00f3pez Luj\u00e1n en sus redes sociales.<\/p>\n\n\n\n<p>La Secretar\u00eda de Cultura asegur\u00f3 que el INAH &#8220;ya dio parte a la aseguradora&#8221; y este jueves &#8220;se proseguir\u00e1 con los diagn\u00f3sticos y la conciliaci\u00f3n de da\u00f1os, as\u00ed como con las acciones de apuntalamiento y retiro de la techumbre colapsada, para dar paso a los peritajes correspondientes&#8221;.<\/p>\n\n\n\n<p>&#8220;Se har\u00e1 lo necesario para que el Templo Mayor de Tenochtitlan sea protegido y que se trabajar\u00e1 en un proyecto de redise\u00f1o de cuatro cubiertas que protegen estructuras prehisp\u00e1nicas del Templo Mayor&#8221;, concluy\u00f3.<\/p>\n","protected":false},"excerpt":{"rendered":"<p>El presidente mexicano, Andr\u00e9s Manuel L\u00f3pez Obrador, prometi\u00f3 este jueves reparar los da\u00f1os en el Templo Mayor de Ciudad de M\u00e9xico tras la granizada que provoc\u00f3 el colapso del techo que cubre la zona arqueol\u00f3gica la noche anterior. &#8220;Desde luego que vamos a reparar la techumbre, se va seguramente a poner otra y con los [&hellip;]<\/p>\n","protected":false},"author":80,"featured_media":161960,"comment_status":"closed","ping_status":"open","sticky":false,"template":"","format":"standard","meta":{"footnotes":""},"categories":[15,36],"tags":[],"class_list":["post-161959","post","type-post","status-publish","format-standard","has-post-thumbnail","hentry","category-destacadas","category-nacion"],"_links":{"self":[{"href":"https:\/\/plazajuarez.mx\/historico\/wp-json\/wp\/v2\/posts\/161959","targetHints":{"allow":["GET"]}}],"collection":[{"href":"https:\/\/plazajuarez.mx\/historico\/wp-json\/wp\/v2\/posts"}],"about":[{"href":"https:\/\/plazajuarez.mx\/historico\/wp-json\/wp\/v2\/types\/post"}],"author":[{"embeddable":true,"href":"https:\/\/plazajuarez.mx\/historico\/wp-json\/wp\/v2\/users\/80"}],"replies":[{"embeddable":true,"href":"https:\/\/plazajuarez.mx\/historico\/wp-json\/wp\/v2\/comments?post=161959"}],"version-history":[{"count":0,"href":"https:\/\/plazajuarez.mx\/historico\/wp-json\/wp\/v2\/posts\/161959\/revisions"}],"wp:featuredmedia":[{"embeddable":true,"href":"https:\/\/plazajuarez.mx\/historico\/wp-json\/wp\/v2\/media\/161960"}],"wp:attachment":[{"href":"https:\/\/plazajuarez.mx\/historico\/wp-json\/wp\/v2\/media?parent=161959"}],"wp:term":[{"taxonomy":"category","embeddable":true,"href":"https:\/\/plazajuarez.mx\/historico\/wp-json\/wp\/v2\/categories?post=161959"},{"taxonomy":"post_tag","embeddable":true,"href":"https:\/\/plazajuarez.mx\/historico\/wp-json\/wp\/v2\/tags?post=161959"}],"curies":[{"name":"wp","href":"https:\/\/api.w.org\/{rel}","templated":true}]}}