{"id":161950,"date":"2021-04-29T11:46:59","date_gmt":"2021-04-29T16:46:59","guid":{"rendered":"https:\/\/plazajuarez.mx\/?p=161950"},"modified":"2021-04-29T11:47:21","modified_gmt":"2021-04-29T16:47:21","slug":"britney-spears-declarara-en-el-juzgado-sobre-su-tutela-legal","status":"publish","type":"post","link":"https:\/\/plazajuarez.mx\/historico\/britney-spears-declarara-en-el-juzgado-sobre-su-tutela-legal\/","title":{"rendered":"Britney Spears declarar\u00e1 en el juzgado sobre su tutela legal"},"content":{"rendered":"\n<p>Britney Spears solicit\u00f3 intervenir ante la Corte Superior de Los \u00c1ngeles en una audiencia, prevista para el 23 de junio, sobre la tutela legal que controla su vida desde hace 13 a\u00f1os.<\/p>\n\n\n\n<p>El abogado de la cantante, Samuel Ingham, indic\u00f3 este martes que Spears desea hablar en los juzgados, algo que llevaba sin hacer desde el 10 de mayo de 2019, cuando su declaraci\u00f3n se tom\u00f3 a puerta cerrada y nada de lo que dijo se hizo p\u00fablico.<\/p>\n\n\n\n<p>Se desconoce si la audiencia de este verano se organizar\u00e1 bajo el mismo hermetismo y cuales son las peticiones que expondr\u00e1 la cantante en su intervenci\u00f3n.<\/p>\n\n\n\n<p>Medio centenar de seguidores de la &#8220;princesa del pop&#8221; se reunieron en la ma\u00f1ana del martes frente a los juzgados de Los \u00c1ngeles con pancartas en apoyo y mensajes que calificaban de esclavitud la tutela legal por la que el padre de Spears controla todos los bienes y decisiones de su hija.<\/p>\n\n\n\n<p>A principios de a\u00f1o, la corte estipul\u00f3 que el padre, James Spears, no ser\u00eda el \u00fanico tutor legal y debe compartir todas las decisiones con un fondo de inversi\u00f3n elegido por Spears.<\/p>\n\n\n\n<p>La decisi\u00f3n lleg\u00f3 despu\u00e9s de que el equipo legal de la artista expresara su &#8220;fuerte oposici\u00f3n&#8221; a que su padre contin\u00fae ejerciendo el control total sobre su vida.<\/p>\n\n\n\n<p>&#8220;No es ning\u00fan secreto que mi cliente no quiere a su padre como cotutor, pero reconocemos que es un tema aparte&#8221;, indic\u00f3 el abogado.<\/p>\n\n\n\n<p>Por su parte, la abogada del progenitor, Vivian Lee Thoreen, asegur\u00f3 que su voluntad es terminar con la tutela legal en cuanto se den las condiciones. &#8220;Si quiere terminarla, puede registrar una petici\u00f3n&#8221;, consider\u00f3 en una entrevista con la CNN.<\/p>\n\n\n\n<p>Spears, actualmente de 39 a\u00f1os, accedi\u00f3 a que su padre se convirtiera en su tutor legal en 2008, un periodo marcado por un comportamiento err\u00e1tico en el que fue ingresada en un psiqui\u00e1trico y perdi\u00f3 la custodia de sus hijos.<\/p>\n\n\n\n<p>Tiempo despu\u00e9s la artista se rehabilit\u00f3, lanz\u00f3 nuevos discos al mercado y protagoniz\u00f3 uno de los espect\u00e1culos m\u00e1s vistos de Las Vegas, pero la tutela nunca fue revocada.<\/p>\n\n\n\n<p>La cantante de &#8220;Toxic&#8221; ha dicho que &#8220;no volver\u00e1 a actuar&#8221; hasta que su padre abandone esa figura legal, puesta en entredicho por miles de seguidores de Spears que se manifiestan peri\u00f3dicamente con el lema &#8220;#FreeBritney&#8221; (Libertad para Britney) y cuyo inter\u00e9s medi\u00e1tico aument\u00f3 tras el estreno del documental &#8220;Framing Britney&#8221;, elaborado por The New York Times.<\/p>\n","protected":false},"excerpt":{"rendered":"<p>Britney Spears solicit\u00f3 intervenir ante la Corte Superior de Los \u00c1ngeles en una audiencia, prevista para el 23 de junio, sobre la tutela legal que controla su vida desde hace 13 a\u00f1os. El abogado de la cantante, Samuel Ingham, indic\u00f3 este martes que Spears desea hablar en los juzgados, algo que llevaba sin hacer desde [&hellip;]<\/p>\n","protected":false},"author":80,"featured_media":161951,"comment_status":"closed","ping_status":"open","sticky":false,"template":"","format":"standard","meta":{"footnotes":""},"categories":[38],"tags":[],"class_list":["post-161950","post","type-post","status-publish","format-standard","has-post-thumbnail","hentry","category-show"],"_links":{"self":[{"href":"https:\/\/plazajuarez.mx\/historico\/wp-json\/wp\/v2\/posts\/161950","targetHints":{"allow":["GET"]}}],"collection":[{"href":"https:\/\/plazajuarez.mx\/historico\/wp-json\/wp\/v2\/posts"}],"about":[{"href":"https:\/\/plazajuarez.mx\/historico\/wp-json\/wp\/v2\/types\/post"}],"author":[{"embeddable":true,"href":"https:\/\/plazajuarez.mx\/historico\/wp-json\/wp\/v2\/users\/80"}],"replies":[{"embeddable":true,"href":"https:\/\/plazajuarez.mx\/historico\/wp-json\/wp\/v2\/comments?post=161950"}],"version-history":[{"count":0,"href":"https:\/\/plazajuarez.mx\/historico\/wp-json\/wp\/v2\/posts\/161950\/revisions"}],"wp:featuredmedia":[{"embeddable":true,"href":"https:\/\/plazajuarez.mx\/historico\/wp-json\/wp\/v2\/media\/161951"}],"wp:attachment":[{"href":"https:\/\/plazajuarez.mx\/historico\/wp-json\/wp\/v2\/media?parent=161950"}],"wp:term":[{"taxonomy":"category","embeddable":true,"href":"https:\/\/plazajuarez.mx\/historico\/wp-json\/wp\/v2\/categories?post=161950"},{"taxonomy":"post_tag","embeddable":true,"href":"https:\/\/plazajuarez.mx\/historico\/wp-json\/wp\/v2\/tags?post=161950"}],"curies":[{"name":"wp","href":"https:\/\/api.w.org\/{rel}","templated":true}]}}