{"id":161860,"date":"2021-04-29T09:17:45","date_gmt":"2021-04-29T14:17:45","guid":{"rendered":"https:\/\/plazajuarez.mx\/?p=161860"},"modified":"2021-04-29T09:17:58","modified_gmt":"2021-04-29T14:17:58","slug":"eventos-en-el-marco-del-dia-de-la-danza-nuevamente-virtuales","status":"publish","type":"post","link":"https:\/\/plazajuarez.mx\/historico\/eventos-en-el-marco-del-dia-de-la-danza-nuevamente-virtuales\/","title":{"rendered":"Eventos en el marco del D\u00eda de la Danza, nuevamente, virtuales"},"content":{"rendered":"\n<p>Derivado de la pandemia de la covid-19, el Festival del D\u00eda Internacional de la Danza en Hidalgo se llevar\u00e1 a cabo, por segunda ocasi\u00f3n, de forma digital para as\u00ed evitar la aglomeraci\u00f3n de personas y por ende, los contagios.&nbsp;<\/p>\n\n\n\n<p>Dentro de las actividades se tiene contemplado que las compa\u00f1\u00edas de danza presenten videos de sus trabajos anteriores, algunas rese\u00f1as fotogr\u00e1ficas musicalizadas y fragmentos de sus actuaciones pasadas.<\/p>\n\n\n\n<p>En entrevista para Diario Plaza Ju\u00e1rez, Enrique del Castillo, fundador y director general del Festival del D\u00eda Internacional de la Danza en Hidalgo (FIDH) y la Comunidad Danc\u00edstica del Estado de Hidalgo (CDEH), dijo que pese a que el a\u00f1o pasado hubo un auge en talleres virtuales, estos decayeron, ya que la pr\u00e1ctica no es la misma, pues se requiere un contacto directo.&nbsp;<\/p>\n\n\n\n<p>Mencion\u00f3 que varias de sus academias ya abrieron con un 25 por ciento de capacidad y recalc\u00f3 la importancia de esta actividad dentro del sector de la ni\u00f1ez, pues evita problemas de salud como la obesidad y afectaciones en la cuesti\u00f3n psicol\u00f3gica.<\/p>\n\n\n\n<p>Agreg\u00f3 que se tiene contemplado un proyecto en uni\u00f3n con la Secretar\u00eda de Cultura, bajo el nombre de \u201cLa vida se vive mejor bailando\u201d.<\/p>\n","protected":false},"excerpt":{"rendered":"<p>Derivado de la pandemia de la covid-19, el Festival del D\u00eda Internacional de la Danza en Hidalgo se llevar\u00e1 a cabo, por segunda ocasi\u00f3n, de forma digital para as\u00ed evitar la aglomeraci\u00f3n de personas y por ende, los contagios.&nbsp; Dentro de las actividades se tiene contemplado que las compa\u00f1\u00edas de danza presenten videos de sus [&hellip;]<\/p>\n","protected":false},"author":93,"featured_media":161861,"comment_status":"closed","ping_status":"open","sticky":false,"template":"","format":"standard","meta":{"footnotes":""},"categories":[59],"tags":[],"class_list":["post-161860","post","type-post","status-publish","format-standard","has-post-thumbnail","hentry","category-general"],"_links":{"self":[{"href":"https:\/\/plazajuarez.mx\/historico\/wp-json\/wp\/v2\/posts\/161860","targetHints":{"allow":["GET"]}}],"collection":[{"href":"https:\/\/plazajuarez.mx\/historico\/wp-json\/wp\/v2\/posts"}],"about":[{"href":"https:\/\/plazajuarez.mx\/historico\/wp-json\/wp\/v2\/types\/post"}],"author":[{"embeddable":true,"href":"https:\/\/plazajuarez.mx\/historico\/wp-json\/wp\/v2\/users\/93"}],"replies":[{"embeddable":true,"href":"https:\/\/plazajuarez.mx\/historico\/wp-json\/wp\/v2\/comments?post=161860"}],"version-history":[{"count":0,"href":"https:\/\/plazajuarez.mx\/historico\/wp-json\/wp\/v2\/posts\/161860\/revisions"}],"wp:featuredmedia":[{"embeddable":true,"href":"https:\/\/plazajuarez.mx\/historico\/wp-json\/wp\/v2\/media\/161861"}],"wp:attachment":[{"href":"https:\/\/plazajuarez.mx\/historico\/wp-json\/wp\/v2\/media?parent=161860"}],"wp:term":[{"taxonomy":"category","embeddable":true,"href":"https:\/\/plazajuarez.mx\/historico\/wp-json\/wp\/v2\/categories?post=161860"},{"taxonomy":"post_tag","embeddable":true,"href":"https:\/\/plazajuarez.mx\/historico\/wp-json\/wp\/v2\/tags?post=161860"}],"curies":[{"name":"wp","href":"https:\/\/api.w.org\/{rel}","templated":true}]}}