{"id":161845,"date":"2021-04-29T09:04:11","date_gmt":"2021-04-29T14:04:11","guid":{"rendered":"https:\/\/plazajuarez.mx\/?p=161845"},"modified":"2021-04-29T09:04:25","modified_gmt":"2021-04-29T14:04:25","slug":"legislador-valera-solicita-licencia-a-su-cargo","status":"publish","type":"post","link":"https:\/\/plazajuarez.mx\/historico\/legislador-valera-solicita-licencia-a-su-cargo\/","title":{"rendered":"Legislador Valera solicita licencia a su cargo"},"content":{"rendered":"\n<p>El diputado Julio Valera Piedras, del Partido Revolucionario Institucional (PRI), quien ocupaba una curul en la 64 Legislatura del Congreso local, inform\u00f3 ayer que present\u00f3 una licencia ante el Poder Legislativo hidalguense para separarse de su cargo.&nbsp;<\/p>\n\n\n\n<p>Al respecto, detall\u00f3 que el motivo de esta solicitud es poder dar seguimiento puntual a los actos proselitistas del PRI de cara al Proceso Electoral del 6 de junio, tomando en cuenta que recientemente rindi\u00f3 protesta como dirigente estatal del partido tricolor.<\/p>\n\n\n\n<p>\u201cEstoy convencido de que las elecciones de este a\u00f1o son decisivas para el futuro de Hidalgo\u201d, expuso en un comunicado dirigido a la opini\u00f3n p\u00fablica, agregando que s\u00f3lo mediante la unidad se podr\u00edan mejorar las condiciones pol\u00edticas y sociales por las que el pa\u00eds atraviesa.<\/p>\n\n\n\n<p>Finalmente, mencion\u00f3 que una vez conclu\u00eddo el Proceso Electoral, regresar\u00e1 al Congreso local para continuar sus actividades legislativas, en lo que ser\u00e1 la conclusi\u00f3n de su periodo como diputado hidalguense.<\/p>\n","protected":false},"excerpt":{"rendered":"<p>El diputado Julio Valera Piedras, del Partido Revolucionario Institucional (PRI), quien ocupaba una curul en la 64 Legislatura del Congreso local, inform\u00f3 ayer que present\u00f3 una licencia ante el Poder Legislativo hidalguense para separarse de su cargo.&nbsp; Al respecto, detall\u00f3 que el motivo de esta solicitud es poder dar seguimiento puntual a los actos proselitistas [&hellip;]<\/p>\n","protected":false},"author":93,"featured_media":161846,"comment_status":"closed","ping_status":"open","sticky":false,"template":"","format":"standard","meta":{"footnotes":""},"categories":[59],"tags":[],"class_list":["post-161845","post","type-post","status-publish","format-standard","has-post-thumbnail","hentry","category-general"],"_links":{"self":[{"href":"https:\/\/plazajuarez.mx\/historico\/wp-json\/wp\/v2\/posts\/161845","targetHints":{"allow":["GET"]}}],"collection":[{"href":"https:\/\/plazajuarez.mx\/historico\/wp-json\/wp\/v2\/posts"}],"about":[{"href":"https:\/\/plazajuarez.mx\/historico\/wp-json\/wp\/v2\/types\/post"}],"author":[{"embeddable":true,"href":"https:\/\/plazajuarez.mx\/historico\/wp-json\/wp\/v2\/users\/93"}],"replies":[{"embeddable":true,"href":"https:\/\/plazajuarez.mx\/historico\/wp-json\/wp\/v2\/comments?post=161845"}],"version-history":[{"count":0,"href":"https:\/\/plazajuarez.mx\/historico\/wp-json\/wp\/v2\/posts\/161845\/revisions"}],"wp:featuredmedia":[{"embeddable":true,"href":"https:\/\/plazajuarez.mx\/historico\/wp-json\/wp\/v2\/media\/161846"}],"wp:attachment":[{"href":"https:\/\/plazajuarez.mx\/historico\/wp-json\/wp\/v2\/media?parent=161845"}],"wp:term":[{"taxonomy":"category","embeddable":true,"href":"https:\/\/plazajuarez.mx\/historico\/wp-json\/wp\/v2\/categories?post=161845"},{"taxonomy":"post_tag","embeddable":true,"href":"https:\/\/plazajuarez.mx\/historico\/wp-json\/wp\/v2\/tags?post=161845"}],"curies":[{"name":"wp","href":"https:\/\/api.w.org\/{rel}","templated":true}]}}