{"id":161763,"date":"2021-04-28T06:00:00","date_gmt":"2021-04-28T11:00:00","guid":{"rendered":"https:\/\/plazajuarez.mx\/?p=161763"},"modified":"2021-04-27T23:00:26","modified_gmt":"2021-04-28T04:00:26","slug":"desarrollan-suero-contra-la-covid-19-a-traves-del-plasma-de-caballos","status":"publish","type":"post","link":"https:\/\/plazajuarez.mx\/historico\/desarrollan-suero-contra-la-covid-19-a-traves-del-plasma-de-caballos\/","title":{"rendered":"Desarrollan suero contra la Covid-19 a trav\u00e9s del plasma de caballos"},"content":{"rendered":"\n<p>(EFE).- Investigadores brasile\u00f1os desarrollaron un suero contra la Covid-19 a partir del plasma de caballos, que podr\u00eda generar anticuerpos hasta 100 veces m\u00e1s potentes que los producidos por pacientes enfermos, y conf\u00edan ahora en iniciar las pruebas cl\u00ednicas en humanos en breve.<\/p>\n\n\n\n<p>El f\u00e1rmaco, desarrollado por investigadores del Instituto Vital Brazil (IVB), de la Universidad Federal de R\u00edo de Janeiro (UFRJ) y la Fundaci\u00f3n Oswaldo Cruz (Fiocruz), es obtenido a partir de la introducci\u00f3n de una parte del virus Sars-CoV-2 en equinos para la producci\u00f3n de anticuerpos, cuyo plasma es posteriormente insertado en pacientes infectados.<\/p>\n\n\n\n<p>Tras presentar un pedido de patente en agosto del a\u00f1o pasado, el Instituto Vital Brazil se encuentra ahora en conversaciones con la Agencia Nacional de Vigilancia Sanitaria (Anvisa, regulador) para dar inicio a los ensayos cl\u00ednicos en humanos.<\/p>\n\n\n\n<p>&#8220;Terminando esa etapa precl\u00ednica, vamos a entrar en proceso de pruebas (en humanos) junto con el Instituto D&#8217;Or, con 41 pacientes&#8221;, explic\u00f3 a Efe la vicepresidenta de la instituci\u00f3n, Karina Belfort de Almeida.<\/p>\n\n\n\n<p>En su finca de investigaci\u00f3n, localizada en la ciudad de Cachoeiras de Macacu, a unos 100 kil\u00f3metros de R\u00edo de Janeiro, una decena de caballos producen el llamado &#8220;plasma hiperinmune&#8221; que sirve de materia prima para la fabricaci\u00f3n del suero anticovid.<\/p>\n\n\n\n<p>Tras ser retirado de la sangre de los equinos, la sustancia es trasladada a una planta industrial, donde el anticuerpo es procesado y envasado en ampollas para la aplicaci\u00f3n en los pacientes.<\/p>\n\n\n\n<p>El medicamento es visto por la comunidad m\u00e9dica y cient\u00edfica como una esperanza para el tratamiento de la Covid-19 en Brasil, que vive una tragedia sanitaria con m\u00e1s de 391,000 fallecidos, 14.3 millones de infectados y un sistema de salud colapsado.<\/p>\n\n\n\n<p>&#8220;El suero aumenta el nivel de anticuerpos del paciente. Cuando es inyectado, har\u00e1 que aumente la producci\u00f3n natural de anticuerpos de ese paciente&#8221;, se\u00f1al\u00f3 Belfort de Almeida.<\/p>\n\n\n\n<p>Para la producci\u00f3n del f\u00e1rmaco, el investigador Marcelo Abrahao Strauch explic\u00f3 que es utilizada una &#8220;ruta tecnol\u00f3gica antigua&#8221; combinada con la innovadora tecnolog\u00eda de ant\u00edgenos producidos a partir de ADN recombinado.<\/p>\n","protected":false},"excerpt":{"rendered":"<p>(EFE).- Investigadores brasile\u00f1os desarrollaron un suero contra la Covid-19 a partir del plasma de caballos, que podr\u00eda generar anticuerpos hasta 100 veces m\u00e1s potentes que los producidos por pacientes enfermos, y conf\u00edan ahora en iniciar las pruebas cl\u00ednicas en humanos en breve. El f\u00e1rmaco, desarrollado por investigadores del Instituto Vital Brazil (IVB), de la Universidad [&hellip;]<\/p>\n","protected":false},"author":80,"featured_media":161765,"comment_status":"closed","ping_status":"open","sticky":false,"template":"","format":"standard","meta":{"footnotes":""},"categories":[15,36],"tags":[],"class_list":["post-161763","post","type-post","status-publish","format-standard","has-post-thumbnail","hentry","category-destacadas","category-nacion"],"_links":{"self":[{"href":"https:\/\/plazajuarez.mx\/historico\/wp-json\/wp\/v2\/posts\/161763","targetHints":{"allow":["GET"]}}],"collection":[{"href":"https:\/\/plazajuarez.mx\/historico\/wp-json\/wp\/v2\/posts"}],"about":[{"href":"https:\/\/plazajuarez.mx\/historico\/wp-json\/wp\/v2\/types\/post"}],"author":[{"embeddable":true,"href":"https:\/\/plazajuarez.mx\/historico\/wp-json\/wp\/v2\/users\/80"}],"replies":[{"embeddable":true,"href":"https:\/\/plazajuarez.mx\/historico\/wp-json\/wp\/v2\/comments?post=161763"}],"version-history":[{"count":0,"href":"https:\/\/plazajuarez.mx\/historico\/wp-json\/wp\/v2\/posts\/161763\/revisions"}],"wp:featuredmedia":[{"embeddable":true,"href":"https:\/\/plazajuarez.mx\/historico\/wp-json\/wp\/v2\/media\/161765"}],"wp:attachment":[{"href":"https:\/\/plazajuarez.mx\/historico\/wp-json\/wp\/v2\/media?parent=161763"}],"wp:term":[{"taxonomy":"category","embeddable":true,"href":"https:\/\/plazajuarez.mx\/historico\/wp-json\/wp\/v2\/categories?post=161763"},{"taxonomy":"post_tag","embeddable":true,"href":"https:\/\/plazajuarez.mx\/historico\/wp-json\/wp\/v2\/tags?post=161763"}],"curies":[{"name":"wp","href":"https:\/\/api.w.org\/{rel}","templated":true}]}}