{"id":161759,"date":"2021-04-28T06:00:00","date_gmt":"2021-04-28T11:00:00","guid":{"rendered":"https:\/\/plazajuarez.mx\/?p=161759"},"modified":"2021-04-27T22:57:25","modified_gmt":"2021-04-28T03:57:25","slug":"decretan-al-cinco-de-septiembre-como-dia-de-la-mujer-indigena","status":"publish","type":"post","link":"https:\/\/plazajuarez.mx\/historico\/decretan-al-cinco-de-septiembre-como-dia-de-la-mujer-indigena\/","title":{"rendered":"Decretan al cinco de septiembre como D\u00eda de la Mujer Ind\u00edgena"},"content":{"rendered":"\n<p>En sesi\u00f3n ordinaria los integrantes de la 64 legislatura, declararon al cinco de septiembre como el \u201cD\u00eda de la Mujer Ind\u00edgena\u201d. La propuesta de las diputadas procedentes de distritos ind\u00edgenas fue dictaminada en el pleno, por lo que esperan que con esta medida sea visibilizado el papel fundamental que la mujer tiene en los pueblos ind\u00edgenas de Hidalgo.<\/p>\n\n\n\n<p>Adela P\u00e9rez Espinosa, por el Partido Revolucionario Institucional (PRI) y Lucero Ambrocio Cruz, del Movimiento de Regeneraci\u00f3n Nacional (Morena) coincidieron en que ser mujer y ser ind\u00edgena \u201ces una realidad a veces dif\u00edcil, no siempre se reconoce el valor que representamos, no siempre se nos respeta por la forma en la que nos expresamos, por la forma en la que transmitimos nuestro sentir, y es que de eso se trata el ser ind\u00edgena, eso es lo que nos hace diferentes\u201d, se\u00f1alaron.<\/p>\n\n\n\n<p>En su argumentaci\u00f3n, utilizaron parte de la cosmovisi\u00f3n y cosmogon\u00eda que se preserva en los pueblos ind\u00edgenas. \u201cSin duda alguna, nuestra conexi\u00f3n con la naturaleza y con nuestros hermanos y hermanas es distinta, porque nos conectamos desde nuestras ra\u00edces, es por ello que ser mujer ind\u00edgena es tan especial y tan importante en un mundo de modernidades, en un mundo donde la discriminaci\u00f3n y el racismo tienen tanta presencia, donde la violencia dirigida a la mujer ind\u00edgena es m\u00e1s normalizada\u201d.<\/p>\n\n\n\n<p>Destacaron que, de acuerdo con la Comisi\u00f3n Nacional de los Derechos Humanos (CNDH), las mujeres ind\u00edgenas tienen derechos a una vida digna.<\/p>\n","protected":false},"excerpt":{"rendered":"<p>En sesi\u00f3n ordinaria los integrantes de la 64 legislatura, declararon al cinco de septiembre como el \u201cD\u00eda de la Mujer Ind\u00edgena\u201d. La propuesta de las diputadas procedentes de distritos ind\u00edgenas fue dictaminada en el pleno, por lo que esperan que con esta medida sea visibilizado el papel fundamental que la mujer tiene en los pueblos [&hellip;]<\/p>\n","protected":false},"author":72,"featured_media":161770,"comment_status":"closed","ping_status":"open","sticky":false,"template":"","format":"standard","meta":{"footnotes":""},"categories":[15,59],"tags":[],"class_list":["post-161759","post","type-post","status-publish","format-standard","has-post-thumbnail","hentry","category-destacadas","category-general"],"_links":{"self":[{"href":"https:\/\/plazajuarez.mx\/historico\/wp-json\/wp\/v2\/posts\/161759","targetHints":{"allow":["GET"]}}],"collection":[{"href":"https:\/\/plazajuarez.mx\/historico\/wp-json\/wp\/v2\/posts"}],"about":[{"href":"https:\/\/plazajuarez.mx\/historico\/wp-json\/wp\/v2\/types\/post"}],"author":[{"embeddable":true,"href":"https:\/\/plazajuarez.mx\/historico\/wp-json\/wp\/v2\/users\/72"}],"replies":[{"embeddable":true,"href":"https:\/\/plazajuarez.mx\/historico\/wp-json\/wp\/v2\/comments?post=161759"}],"version-history":[{"count":0,"href":"https:\/\/plazajuarez.mx\/historico\/wp-json\/wp\/v2\/posts\/161759\/revisions"}],"wp:featuredmedia":[{"embeddable":true,"href":"https:\/\/plazajuarez.mx\/historico\/wp-json\/wp\/v2\/media\/161770"}],"wp:attachment":[{"href":"https:\/\/plazajuarez.mx\/historico\/wp-json\/wp\/v2\/media?parent=161759"}],"wp:term":[{"taxonomy":"category","embeddable":true,"href":"https:\/\/plazajuarez.mx\/historico\/wp-json\/wp\/v2\/categories?post=161759"},{"taxonomy":"post_tag","embeddable":true,"href":"https:\/\/plazajuarez.mx\/historico\/wp-json\/wp\/v2\/tags?post=161759"}],"curies":[{"name":"wp","href":"https:\/\/api.w.org\/{rel}","templated":true}]}}