{"id":161756,"date":"2021-04-28T06:00:00","date_gmt":"2021-04-28T11:00:00","guid":{"rendered":"https:\/\/plazajuarez.mx\/?p=161756"},"modified":"2021-04-27T22:53:00","modified_gmt":"2021-04-28T03:53:00","slug":"pugna-benjamin-rico-por-un-estado-de-derecho-que-impulse-inversiones","status":"publish","type":"post","link":"https:\/\/plazajuarez.mx\/historico\/pugna-benjamin-rico-por-un-estado-de-derecho-que-impulse-inversiones\/","title":{"rendered":"Pugna Benjam\u00edn Rico por un Estado de derecho que impulse inversiones"},"content":{"rendered":"\n<p>En la sede del Consejo Coordinador Empresarial de Hidalgo (CCEH) en compa\u00f1\u00eda del senador Miguel Osorio Chong y los candidatos a diputados locales, el candidato a diputado federal de la alianza <em>Va por M\u00e9xico<\/em>, Benjam\u00edn Rico asegur\u00f3 que M\u00e9xico, como pa\u00eds de instituciones y de derechos, est\u00e1 en riesgo ante la incapacidad de un partido en el poder autoritario que no respeta la Constituci\u00f3n, la divisi\u00f3n de poderes y la libertad de opinar; por ello, advirti\u00f3 que la jornada electoral del 6 de junio es la \u00fanica oportunidad para defender lo que por justicia le corresponde a los mexicanos.&nbsp;<\/p>\n\n\n\n<p>En un di\u00e1logo abierto con los integrantes del CCEH, Benjam\u00edn Rico convoc\u00f3 a los empresarios a hacer un frente com\u00fan, m\u00e1s all\u00e1 de colores de partidos o de intereses de grupo, \u201ctenemos que unirnos para rescatar a M\u00e9xico, con la fuerza de los hidalguenses exijamos lo que por justicia nos corresponde\u201d, expres\u00f3 el candidato a diputado federal de la coalici\u00f3n <em>Va por M\u00e9xico<\/em>.<\/p>\n\n\n\n<p>Por su parte, el senador Miguel Osorio Chong expres\u00f3 que Benjam\u00edn Rico tiene claridad de lo que Hidalgo necesita, \u201cy va a dar la batalla, lo va hacer, y lo van a ver va a exigir\u201d.&nbsp;<\/p>\n\n\n\n<p>Consider\u00f3 urgente equilibrar las fuerzas en el Congreso de la Uni\u00f3n, \u201cla pol\u00edtica construye y M\u00e9xico debe estar por encima de cualquier inter\u00e9s\u201d, expres\u00f3 el senador priista.&nbsp;<\/p>\n\n\n\n<p>Al respecto, Benjam\u00edn Rico coincidi\u00f3 con el ex gobernador de Hidalgo al manifestar que la pol\u00edtica construye y no atenta contra la democracia, \u201ctenemos que transitar hacia el respeto del estado de derecho que proteja los derechos de los mexicanos; el escenario actual es alarmante\u201d, se\u00f1al\u00f3 durante el encuentro con industriales y empresarios.<\/p>\n","protected":false},"excerpt":{"rendered":"<p>En la sede del Consejo Coordinador Empresarial de Hidalgo (CCEH) en compa\u00f1\u00eda del senador Miguel Osorio Chong y los candidatos a diputados locales, el candidato a diputado federal de la alianza Va por M\u00e9xico, Benjam\u00edn Rico asegur\u00f3 que M\u00e9xico, como pa\u00eds de instituciones y de derechos, est\u00e1 en riesgo ante la incapacidad de un partido [&hellip;]<\/p>\n","protected":false},"author":93,"featured_media":161771,"comment_status":"closed","ping_status":"open","sticky":false,"template":"","format":"standard","meta":{"footnotes":""},"categories":[15,2154,59],"tags":[],"class_list":["post-161756","post","type-post","status-publish","format-standard","has-post-thumbnail","hentry","category-destacadas","category-elecciones21","category-general"],"_links":{"self":[{"href":"https:\/\/plazajuarez.mx\/historico\/wp-json\/wp\/v2\/posts\/161756","targetHints":{"allow":["GET"]}}],"collection":[{"href":"https:\/\/plazajuarez.mx\/historico\/wp-json\/wp\/v2\/posts"}],"about":[{"href":"https:\/\/plazajuarez.mx\/historico\/wp-json\/wp\/v2\/types\/post"}],"author":[{"embeddable":true,"href":"https:\/\/plazajuarez.mx\/historico\/wp-json\/wp\/v2\/users\/93"}],"replies":[{"embeddable":true,"href":"https:\/\/plazajuarez.mx\/historico\/wp-json\/wp\/v2\/comments?post=161756"}],"version-history":[{"count":0,"href":"https:\/\/plazajuarez.mx\/historico\/wp-json\/wp\/v2\/posts\/161756\/revisions"}],"wp:featuredmedia":[{"embeddable":true,"href":"https:\/\/plazajuarez.mx\/historico\/wp-json\/wp\/v2\/media\/161771"}],"wp:attachment":[{"href":"https:\/\/plazajuarez.mx\/historico\/wp-json\/wp\/v2\/media?parent=161756"}],"wp:term":[{"taxonomy":"category","embeddable":true,"href":"https:\/\/plazajuarez.mx\/historico\/wp-json\/wp\/v2\/categories?post=161756"},{"taxonomy":"post_tag","embeddable":true,"href":"https:\/\/plazajuarez.mx\/historico\/wp-json\/wp\/v2\/tags?post=161756"}],"curies":[{"name":"wp","href":"https:\/\/api.w.org\/{rel}","templated":true}]}}