{"id":161755,"date":"2021-04-28T06:00:00","date_gmt":"2021-04-28T11:00:00","guid":{"rendered":"https:\/\/plazajuarez.mx\/?p=161755"},"modified":"2021-04-27T22:54:51","modified_gmt":"2021-04-28T03:54:51","slug":"proponen-capacitacion-contra-violencia-escolar","status":"publish","type":"post","link":"https:\/\/plazajuarez.mx\/historico\/proponen-capacitacion-contra-violencia-escolar\/","title":{"rendered":"Proponen capacitaci\u00f3n contra violencia escolar"},"content":{"rendered":"\n<p>Con el objetivo de prevenir, atender y erradicar la violencia escolar, los diputados de la bancada del Partido Revolucionario Institucional (PRI) presentaron una reforma a la Ley para la Prevenci\u00f3n, Atenci\u00f3n y Erradicaci\u00f3n de Violencia Escolar en el estado de Hidalgo, con la que se propone una capacitaci\u00f3n continua del personal docente.<\/p>\n\n\n\n<p>\u201cEn las escuelas y planteles educativos se promover\u00e1 la implementaci\u00f3n de las acciones necesarias para realizar la capacitaci\u00f3n del personal directivo, acad\u00e9mico, docente y administrativo, para la prevenci\u00f3n y atenci\u00f3n de la violencia escolar\u201d, explicaron los legisladores priistas: Mar\u00eda Luisa P\u00e9rez Perusqu\u00eda, Mayka Ortega Eguiluz, Adela P\u00e9rez Espinoza, Julio Manuel Valera Piedras y Jos\u00e9 Luis Espinosa Silva.<\/p>\n\n\n\n<p>Apuntaron que&nbsp; la instituci\u00f3n educativa detectar\u00e1 las deficiencias, y a partir de ellas podr\u00e1 redefinir las estrategias y elaborar un nuevo programa tendiente a continuar la actividad de formaci\u00f3n integral de los alumnos, con base en el respeto irrestricto a los derechos humanos.<\/p>\n","protected":false},"excerpt":{"rendered":"<p>Con el objetivo de prevenir, atender y erradicar la violencia escolar, los diputados de la bancada del Partido Revolucionario Institucional (PRI) presentaron una reforma a la Ley para la Prevenci\u00f3n, Atenci\u00f3n y Erradicaci\u00f3n de Violencia Escolar en el estado de Hidalgo, con la que se propone una capacitaci\u00f3n continua del personal docente. \u201cEn las escuelas [&hellip;]<\/p>\n","protected":false},"author":72,"featured_media":161769,"comment_status":"closed","ping_status":"open","sticky":false,"template":"","format":"standard","meta":{"footnotes":""},"categories":[15,59],"tags":[],"class_list":["post-161755","post","type-post","status-publish","format-standard","has-post-thumbnail","hentry","category-destacadas","category-general"],"_links":{"self":[{"href":"https:\/\/plazajuarez.mx\/historico\/wp-json\/wp\/v2\/posts\/161755","targetHints":{"allow":["GET"]}}],"collection":[{"href":"https:\/\/plazajuarez.mx\/historico\/wp-json\/wp\/v2\/posts"}],"about":[{"href":"https:\/\/plazajuarez.mx\/historico\/wp-json\/wp\/v2\/types\/post"}],"author":[{"embeddable":true,"href":"https:\/\/plazajuarez.mx\/historico\/wp-json\/wp\/v2\/users\/72"}],"replies":[{"embeddable":true,"href":"https:\/\/plazajuarez.mx\/historico\/wp-json\/wp\/v2\/comments?post=161755"}],"version-history":[{"count":0,"href":"https:\/\/plazajuarez.mx\/historico\/wp-json\/wp\/v2\/posts\/161755\/revisions"}],"wp:featuredmedia":[{"embeddable":true,"href":"https:\/\/plazajuarez.mx\/historico\/wp-json\/wp\/v2\/media\/161769"}],"wp:attachment":[{"href":"https:\/\/plazajuarez.mx\/historico\/wp-json\/wp\/v2\/media?parent=161755"}],"wp:term":[{"taxonomy":"category","embeddable":true,"href":"https:\/\/plazajuarez.mx\/historico\/wp-json\/wp\/v2\/categories?post=161755"},{"taxonomy":"post_tag","embeddable":true,"href":"https:\/\/plazajuarez.mx\/historico\/wp-json\/wp\/v2\/tags?post=161755"}],"curies":[{"name":"wp","href":"https:\/\/api.w.org\/{rel}","templated":true}]}}