{"id":161673,"date":"2021-04-27T08:56:27","date_gmt":"2021-04-27T13:56:27","guid":{"rendered":"https:\/\/plazajuarez.mx\/?p=161673"},"modified":"2021-04-27T08:56:44","modified_gmt":"2021-04-27T13:56:44","slug":"por-asalto-y-robo-3-fueron-sentenciados-a-8-anos-de-prision","status":"publish","type":"post","link":"https:\/\/plazajuarez.mx\/historico\/por-asalto-y-robo-3-fueron-sentenciados-a-8-anos-de-prision\/","title":{"rendered":"Por asalto y robo, 3 fueron sentenciados a 8 a\u00f1os de prisi\u00f3n"},"content":{"rendered":"\n<p>Mediante un comunicado oficial se dio a conocer que a trav\u00e9s de la Subprocuradur\u00eda de Procedimientos Penales regi\u00f3n oriente, tres personas fueron sentenciadas a ocho a\u00f1os de prisi\u00f3n, tras probarse su responsabilidad en los hechos que la ley se\u00f1ala como asalto equiparado agravado y robo.<\/p>\n\n\n\n<p>Los hechos por los cuales Andr\u00e9s \u201cN\u201d, Miguel \u00c1ngel \u201cN\u201d y Luis \u201cN\u201d permanecer\u00e1n en prisi\u00f3n, ocurrieron el 30 de diciembre del 2018, en las instalaciones de un establecimiento de venta de hidrocarburos ubicado en el municipio de Epazoyucan, cuando las tres personas ingresaron a las oficinas para sustraer dinero.<\/p>\n\n\n\n<p>Con armas de fuego amagaron al personal que se encontraba en las oficinas y los despojaron de sus propiedades as\u00ed como sustrajeron la caja fuerte propiedad de la empresa.<\/p>\n\n\n\n<p>Por lo anterior las personas agraviadas acudieron ante la Procuradur\u00eda de Justicia del estado de Hidalgo (PGJEH) para iniciar la carpeta de investigaci\u00f3n correspondiente en la que un agente del Ministerio P\u00fablico se encarg\u00f3 de recabar los medios probatorios necesarios para demostrar la responsabilidad de los imputados.<\/p>\n\n\n\n<p>Durante la audiencia inicial, el representante del Ministerio P\u00fablico expuso los datos de prueba recabados con los que obtuvo de la autoridad judicial la vinculaci\u00f3n a proceso de los ahora sentenciados, posteriormente los imputados solicitaron un procedimiento abreviado y aceptaron su responsabilidad en los hechos.<\/p>\n\n\n\n<p>Mediante este procedimiento el juez de control dict\u00f3 sentencia condenatoria de ocho a\u00f1os de prisi\u00f3n contra Andr\u00e9s \u201cN\u201d, Miguel \u00c1ngel \u201cN\u201d y Luis \u201cN\u201d por su responsabilidad en asalto equiparado agravado y robo.<\/p>\n","protected":false},"excerpt":{"rendered":"<p>Mediante un comunicado oficial se dio a conocer que a trav\u00e9s de la Subprocuradur\u00eda de Procedimientos Penales regi\u00f3n oriente, tres personas fueron sentenciadas a ocho a\u00f1os de prisi\u00f3n, tras probarse su responsabilidad en los hechos que la ley se\u00f1ala como asalto equiparado agravado y robo. Los hechos por los cuales Andr\u00e9s \u201cN\u201d, Miguel \u00c1ngel \u201cN\u201d [&hellip;]<\/p>\n","protected":false},"author":93,"featured_media":161674,"comment_status":"closed","ping_status":"open","sticky":false,"template":"","format":"standard","meta":{"footnotes":""},"categories":[37],"tags":[],"class_list":["post-161673","post","type-post","status-publish","format-standard","has-post-thumbnail","hentry","category-barandilla"],"_links":{"self":[{"href":"https:\/\/plazajuarez.mx\/historico\/wp-json\/wp\/v2\/posts\/161673","targetHints":{"allow":["GET"]}}],"collection":[{"href":"https:\/\/plazajuarez.mx\/historico\/wp-json\/wp\/v2\/posts"}],"about":[{"href":"https:\/\/plazajuarez.mx\/historico\/wp-json\/wp\/v2\/types\/post"}],"author":[{"embeddable":true,"href":"https:\/\/plazajuarez.mx\/historico\/wp-json\/wp\/v2\/users\/93"}],"replies":[{"embeddable":true,"href":"https:\/\/plazajuarez.mx\/historico\/wp-json\/wp\/v2\/comments?post=161673"}],"version-history":[{"count":0,"href":"https:\/\/plazajuarez.mx\/historico\/wp-json\/wp\/v2\/posts\/161673\/revisions"}],"wp:featuredmedia":[{"embeddable":true,"href":"https:\/\/plazajuarez.mx\/historico\/wp-json\/wp\/v2\/media\/161674"}],"wp:attachment":[{"href":"https:\/\/plazajuarez.mx\/historico\/wp-json\/wp\/v2\/media?parent=161673"}],"wp:term":[{"taxonomy":"category","embeddable":true,"href":"https:\/\/plazajuarez.mx\/historico\/wp-json\/wp\/v2\/categories?post=161673"},{"taxonomy":"post_tag","embeddable":true,"href":"https:\/\/plazajuarez.mx\/historico\/wp-json\/wp\/v2\/tags?post=161673"}],"curies":[{"name":"wp","href":"https:\/\/api.w.org\/{rel}","templated":true}]}}