{"id":161651,"date":"2021-04-27T06:00:00","date_gmt":"2021-04-27T11:00:00","guid":{"rendered":"https:\/\/plazajuarez.mx\/?p=161651"},"modified":"2021-04-26T23:22:44","modified_gmt":"2021-04-27T04:22:44","slug":"dese-por-enterado-871","status":"publish","type":"post","link":"https:\/\/plazajuarez.mx\/historico\/dese-por-enterado-871\/","title":{"rendered":"DESE POR ENTERADO"},"content":{"rendered":"\n<p><strong>PT, TODA UNA EMPRESA UNIVERSITARIA.-<\/strong> De plano Morena ya no los convenci\u00f3 y por eso pactaron desde hace tiempo el Plan B con el Partido del Trabajo, para buscar postular a cuanto esp\u00e9cimen se les ocurriera, de tal modo que hasta parece que de pronto nos encontramos con una nueva Empresa Universitaria como en su tiempo fueron otros partidos pol\u00edticos. Es decir que estamos ante institutos pol\u00edticos carentes de todo principio \u00e9tico y que, as\u00ed de manera abierta, venden sus servicios al mejor postor. \u00bfA qui\u00e9n representan estos partidos, igual que el Verde y otros del mismo tipo? Evidentemente que a nadie, como no sea a sus propietarios, que una vez m\u00e1s nos dejan muy en claro que no hay mejor negocio que la pol\u00edtica, entendida de este modo.<\/p>\n\n\n\n<p>***<\/p>\n\n\n\n<p><strong>SIN PAQUITO COMO POCO MENOS QUE NADA: MORENA.-<\/strong> De plano que ya nadie entiende a los Morenos, que se han dado a la tarea de defender con los dientes la nominaci\u00f3n como candidato local plurinominal en primer\u00edsimo lugar, al ex cantante Francisco Xavier. Y ya nadie entiende porque primero no es discapacitado, y segundo, \u00bfa poco no tienen a otro personaje menos cuestionado? \u00bfDe plano son tan grandes los complejos de la dirigencia local de Morena que si no es Francisco Xavier son poco menos que nada? Es una verg\u00fcenza lo que observamos, cuando siempre han tenido militantes de nivel, no personajes del espect\u00e1culo que no representan absolutamente nada en la entidad.&nbsp; Pero necios, y ya iniciaron juicios al por mayor en el Tribunal Electoral del Estado de Hidalgo para tener de candidato al susodicho. De plano, dan pena ajena.<\/p>\n\n\n\n<p>***<\/p>\n\n\n\n<p><strong>Y LOS CHAPULINES, AL POR MAYOR.-<\/strong> Mientras tanto en Tula, Cuauht\u00e9moc Ochoa, chapul\u00edn de abolengo, nom\u00e1s no ha levantado como se esperaba en su campa\u00f1a a diputado federal ahora disfrazado de Moreno. Se esperaba m\u00e1s de este contlapache de Canek V\u00e1zquez, pero como que no. Con todo y que en gobiernos pri\u00edstas en la entidad hasta cargo de secretario tuvo, se le observa distra\u00eddo, ajeno a lo que hace. No siempre jugarle al Judas Iscariote funciona, se\u00f1or.<\/p>\n\n\n\n<p>***<\/p>\n\n\n\n<p><strong>\u00bfVOLVEREMOS A LA NORMALIDAD? .-<\/strong> Levantar el hoy no circula sanitario en algo anima a los hidalguenses, pero se antoja que hasta que una buena parte de la poblaci\u00f3n est\u00e9 vacunada, antes no habr\u00e1 normalidad. Por lo mientras, todav\u00eda no hay registro para los que tienen entre 50 y 59 a\u00f1os de edad. Usted puede ingresar a la p\u00e1gina \u201cmi vacuna\u201d, y ver\u00e1 por principio de cuentas que solo puede ingresar si ya tiene 60 a\u00f1os. Es decir que a como van las cosas, para mayo dif\u00edcilmente usted podr\u00e1 ir a vacunarse, aunque esperemos que en las siguientes horas sea habilitado el ingreso al portal de los que van de los 50 a 59.<\/p>\n\n\n\n<p>***<\/p>\n\n\n\n<p><strong><em>Aviso para que no digan: Esa columna se nutre de comentarios recabados en agencias del Recontra-Espionaje, muy similares a las que populariz\u00f3 el \u201cS\u00faper Agente 86\u201d en sus tiempos. Como tal, usted est\u00e1 en libertad de creer o no lo que lee, recontra-enojarse, recontra-carcajearse y hasta recontra-recordarnos a nuestra jefecita (nosotros recontra-hacemos lo propio). Avisado est\u00e1 usted.<\/em><\/strong><\/p>\n\n\n\n<p>Dudas y comentarios:<\/p>\n\n\n\n<p><a href=\"mailto:desexenterado@gmail.com\">desexenterado@gmail.com<\/a><\/p>\n\n\n\n<p>@desexenterado<\/p>\n","protected":false},"excerpt":{"rendered":"<p>PT, TODA UNA EMPRESA UNIVERSITARIA.- De plano Morena ya no los convenci\u00f3 y por eso pactaron desde hace tiempo el Plan B con el Partido del Trabajo, para buscar postular a cuanto esp\u00e9cimen se les ocurriera, de tal modo que hasta parece que de pronto nos encontramos con una nueva Empresa Universitaria como en su [&hellip;]<\/p>\n","protected":false},"author":93,"featured_media":154731,"comment_status":"closed","ping_status":"open","sticky":false,"template":"","format":"standard","meta":{"footnotes":""},"categories":[83],"tags":[],"class_list":["post-161651","post","type-post","status-publish","format-standard","has-post-thumbnail","hentry","category-dese-por-enterado"],"_links":{"self":[{"href":"https:\/\/plazajuarez.mx\/historico\/wp-json\/wp\/v2\/posts\/161651","targetHints":{"allow":["GET"]}}],"collection":[{"href":"https:\/\/plazajuarez.mx\/historico\/wp-json\/wp\/v2\/posts"}],"about":[{"href":"https:\/\/plazajuarez.mx\/historico\/wp-json\/wp\/v2\/types\/post"}],"author":[{"embeddable":true,"href":"https:\/\/plazajuarez.mx\/historico\/wp-json\/wp\/v2\/users\/93"}],"replies":[{"embeddable":true,"href":"https:\/\/plazajuarez.mx\/historico\/wp-json\/wp\/v2\/comments?post=161651"}],"version-history":[{"count":0,"href":"https:\/\/plazajuarez.mx\/historico\/wp-json\/wp\/v2\/posts\/161651\/revisions"}],"wp:featuredmedia":[{"embeddable":true,"href":"https:\/\/plazajuarez.mx\/historico\/wp-json\/wp\/v2\/media\/154731"}],"wp:attachment":[{"href":"https:\/\/plazajuarez.mx\/historico\/wp-json\/wp\/v2\/media?parent=161651"}],"wp:term":[{"taxonomy":"category","embeddable":true,"href":"https:\/\/plazajuarez.mx\/historico\/wp-json\/wp\/v2\/categories?post=161651"},{"taxonomy":"post_tag","embeddable":true,"href":"https:\/\/plazajuarez.mx\/historico\/wp-json\/wp\/v2\/tags?post=161651"}],"curies":[{"name":"wp","href":"https:\/\/api.w.org\/{rel}","templated":true}]}}