{"id":161649,"date":"2021-04-27T06:00:00","date_gmt":"2021-04-27T11:00:00","guid":{"rendered":"https:\/\/plazajuarez.mx\/?p=161649"},"modified":"2021-04-26T23:15:26","modified_gmt":"2021-04-27T04:15:26","slug":"hoy-comienzan-los-debates-con-solo-tres-participantes","status":"publish","type":"post","link":"https:\/\/plazajuarez.mx\/historico\/hoy-comienzan-los-debates-con-solo-tres-participantes\/","title":{"rendered":"Hoy comienzan los debates, con s\u00f3lo tres participantes"},"content":{"rendered":"\n<p>De acuerdo con el calendario electoral del Instituto Estatal Electoral de Hidalgo (IEEH), hoy comenzar\u00e1n los debates entre los candidatos y candidatas de los 18 distritos electorales locales, por lo que alrededor de las 18:00 horas, seg\u00fan lo anunciado, se dar\u00e1 el primer encuentro correspondiente al primer distrito electoral con cabecera en Zimap\u00e1n.<\/p>\n\n\n\n<p>A trav\u00e9s de redes sociales, el \u00f3rgano electoral anunci\u00f3 que el debate se transmitir\u00e1 por medio de las redes sociales, y hasta ayer s\u00f3lo hab\u00edan confirmado Mar\u00eda del Carmen Lozano Moreno, candidata de la coalici\u00f3n Juntos Hacemos Historia en la que participan: el partido del Movimiento de Regeneraci\u00f3n Nacional (Morena), el Partido Verde Ecologista de M\u00e9xico (PVEM), el Partido del Trabajo (PT), y el Partido Nueva Alianza Hidalgo (PNAH).&nbsp;<\/p>\n\n\n\n<p>Tambi\u00e9n asisitir\u00e1 Cirila Mart\u00ednez Garay, candidata de la coalici\u00f3n \u201cVa por Hidalgo\u201d que aglutina al Partido Revolucionario Institucional (PRI), Partido Acci\u00f3n Nacional (PAN), Partido de la Revoluci\u00f3n Democr\u00e1tica (PRD) y el Partido Encuentro Social Hidalgo (PESH); mientras que por el partido pol\u00edtico local Podemos acudir\u00e1 la candidata, Lizbeth Ch\u00e1vez Barrera.&nbsp;<\/p>\n\n\n\n<p>Ma\u00f1ana, 28 de abril, tocar\u00e1 a los candidatos y candidatas del distrito 18 con cabecera en Tepeapulco; y el 30 de abril al distrito 02 Zacualtip\u00e1n; as\u00ed mismo, el 3 de mayo tocar\u00e1 al distrito 17 con cabecera en Villas del \u00c1lamo; y el 4 al distrito 03 con cabecera en San Felipe Orizatl\u00e1n.<\/p>\n\n\n\n<p><\/p>\n","protected":false},"excerpt":{"rendered":"<p>De acuerdo con el calendario electoral del Instituto Estatal Electoral de Hidalgo (IEEH), hoy comenzar\u00e1n los debates entre los candidatos y candidatas de los 18 distritos electorales locales, por lo que alrededor de las 18:00 horas, seg\u00fan lo anunciado, se dar\u00e1 el primer encuentro correspondiente al primer distrito electoral con cabecera en Zimap\u00e1n. A trav\u00e9s [&hellip;]<\/p>\n","protected":false},"author":72,"featured_media":161658,"comment_status":"closed","ping_status":"open","sticky":false,"template":"","format":"standard","meta":{"footnotes":""},"categories":[15,59],"tags":[],"class_list":["post-161649","post","type-post","status-publish","format-standard","has-post-thumbnail","hentry","category-destacadas","category-general"],"_links":{"self":[{"href":"https:\/\/plazajuarez.mx\/historico\/wp-json\/wp\/v2\/posts\/161649","targetHints":{"allow":["GET"]}}],"collection":[{"href":"https:\/\/plazajuarez.mx\/historico\/wp-json\/wp\/v2\/posts"}],"about":[{"href":"https:\/\/plazajuarez.mx\/historico\/wp-json\/wp\/v2\/types\/post"}],"author":[{"embeddable":true,"href":"https:\/\/plazajuarez.mx\/historico\/wp-json\/wp\/v2\/users\/72"}],"replies":[{"embeddable":true,"href":"https:\/\/plazajuarez.mx\/historico\/wp-json\/wp\/v2\/comments?post=161649"}],"version-history":[{"count":0,"href":"https:\/\/plazajuarez.mx\/historico\/wp-json\/wp\/v2\/posts\/161649\/revisions"}],"wp:featuredmedia":[{"embeddable":true,"href":"https:\/\/plazajuarez.mx\/historico\/wp-json\/wp\/v2\/media\/161658"}],"wp:attachment":[{"href":"https:\/\/plazajuarez.mx\/historico\/wp-json\/wp\/v2\/media?parent=161649"}],"wp:term":[{"taxonomy":"category","embeddable":true,"href":"https:\/\/plazajuarez.mx\/historico\/wp-json\/wp\/v2\/categories?post=161649"},{"taxonomy":"post_tag","embeddable":true,"href":"https:\/\/plazajuarez.mx\/historico\/wp-json\/wp\/v2\/tags?post=161649"}],"curies":[{"name":"wp","href":"https:\/\/api.w.org\/{rel}","templated":true}]}}